{"id":3123,"date":"2021-06-28T21:24:34","date_gmt":"2021-06-28T21:24:34","guid":{"rendered":"https:\/\/cosyinternational.com\/?p=3123"},"modified":"2023-02-15T09:02:43","modified_gmt":"2023-02-15T09:02:43","slug":"comunicazione-e-design-al-politecnico-lezione-su-cosy-international","status":"publish","type":"post","link":"https:\/\/cosyinternational.com\/it\/comunicazione-e-design-al-politecnico-lezione-su-cosy-international\/","title":{"rendered":"Comunicazione e Design. La lezione su Cosy International al Politecnico di Milano"},"content":{"rendered":"<div class=\"wpb-content-wrapper\"><p>[vc_row][vc_column][vc_column_text]<strong>Offerta tailor-made, reattivit\u00e0 alle tendenze del mercato internazionale e capacit\u00e0 ad assumere identit\u00e0 differenti.<\/strong> Questi i punti di forza di Cosy International, secondo il Professor Architetto Guido Musante, che fanno del nostro brand un riferimento per l\u2019arredamento di lusso, in Italia e nel mondo.<\/p>\n<p>Musante, Architetto e Dottore di Ricerca in Urbanistica nonch\u00e9 Professore del corso di Fondamenti di Inversione concettuale presso la Scuola di Design del Politecnico di Milano, ha scelto proprio Cosy International per affrontare le tematiche della <strong>comunicazione nel design.<\/strong><\/p>\n<p>Il Professore, in particolare, ha ritenuto utile condividere con i propri studenti una sua idea maturata in qualit\u00e0 di copywriter per il design, e cio\u00e8 quella di raccontare la storia di un brand attraverso un numero minimo di parole. Si tratta di un\u2019intuizione che \u00e8 stata accolta positivamente da parte degli studenti del Politecnico milanese.<\/p>\n<p><img loading=\"lazy\" decoding=\"async\" class=\"alignnone size-full wp-image-3116\" src=\"https:\/\/cosyinternational.com\/wp-content\/uploads\/2021\/06\/1831_ok-_Medium_.jpg\" alt=\"\" width=\"1101\" height=\"768\" srcset=\"https:\/\/cosyinternational.com\/wp-content\/uploads\/2021\/06\/1831_ok-_Medium_.jpg 1101w, https:\/\/cosyinternational.com\/wp-content\/uploads\/2021\/06\/1831_ok-_Medium_-300x209.jpg 300w, https:\/\/cosyinternational.com\/wp-content\/uploads\/2021\/06\/1831_ok-_Medium_-1024x714.jpg 1024w, https:\/\/cosyinternational.com\/wp-content\/uploads\/2021\/06\/1831_ok-_Medium_-768x536.jpg 768w, https:\/\/cosyinternational.com\/wp-content\/uploads\/2021\/06\/1831_ok-_Medium_-806x562.jpg 806w, https:\/\/cosyinternational.com\/wp-content\/uploads\/2021\/06\/1831_ok-_Medium_-558x389.jpg 558w, https:\/\/cosyinternational.com\/wp-content\/uploads\/2021\/06\/1831_ok-_Medium_-655x457.jpg 655w\" sizes=\"(max-width: 1101px) 100vw, 1101px\" \/><\/p>\n<p>Il vero fiore all\u2019occhiello di Cosy International, come sottolineato nell\u2019<a href=\"https:\/\/www.stylise.it\/trend\/comunicazione-e-design-al-politecnico-di-milano-lezione-sulla-cosy-international\/\" target=\"_blank\" rel=\"noopener\">articolo<\/a> di Lisa Minichiello per Stylise che vi consigliamo di leggere, \u00e8 la possibilit\u00e0 di personalizzare materiali, finiture e colori, in linea con le proprie specifiche esigenze ed aspettative, nonch\u00e9 con le ultime tendenze del mercato internazionale.<\/p>\n<p>La nostra \u00e8 infatti una realt\u00e0 solidamente radicata a Firenze, ma aperta alle nuove culture ed alla modernit\u00e0. Si tratta di un brand <a href=\"https:\/\/cosyinternational.com\/it\/cabina-armadio-made-in-italy\/\" target=\"_blank\" rel=\"noopener\"><strong>100% made in Italy<\/strong><\/a>, <strong>ma con un respiro globale.<\/strong> L\u2019industria del mobile su misura \u00e8 in costante evoluzione, e Cosy International non intende farsi cogliere impreparata da questa sfida di portata globale. Grazie ad un team di professionisti dedicato alla progettazione di guardaroba su misura, Cosy \u00e8 in grado di garantire perfetta funzionalit\u00e0, un disegno originale e <strong>resistenza di lunga durata.<\/strong><\/p>\n<p>&nbsp;<\/p>\n<p><img loading=\"lazy\" decoding=\"async\" class=\"alignnone size-full wp-image-3112\" src=\"https:\/\/cosyinternational.com\/wp-content\/uploads\/2021\/06\/Bedroom-Maria-V3.jpg\" alt=\"\" width=\"1722\" height=\"1350\" srcset=\"https:\/\/cosyinternational.com\/wp-content\/uploads\/2021\/06\/Bedroom-Maria-V3.jpg 1722w, https:\/\/cosyinternational.com\/wp-content\/uploads\/2021\/06\/Bedroom-Maria-V3-300x235.jpg 300w, https:\/\/cosyinternational.com\/wp-content\/uploads\/2021\/06\/Bedroom-Maria-V3-1024x803.jpg 1024w, https:\/\/cosyinternational.com\/wp-content\/uploads\/2021\/06\/Bedroom-Maria-V3-768x602.jpg 768w, https:\/\/cosyinternational.com\/wp-content\/uploads\/2021\/06\/Bedroom-Maria-V3-1536x1204.jpg 1536w, https:\/\/cosyinternational.com\/wp-content\/uploads\/2021\/06\/Bedroom-Maria-V3-1612x1264.jpg 1612w, https:\/\/cosyinternational.com\/wp-content\/uploads\/2021\/06\/Bedroom-Maria-V3-1116x875.jpg 1116w, https:\/\/cosyinternational.com\/wp-content\/uploads\/2021\/06\/Bedroom-Maria-V3-806x632.jpg 806w, https:\/\/cosyinternational.com\/wp-content\/uploads\/2021\/06\/Bedroom-Maria-V3-558x437.jpg 558w, https:\/\/cosyinternational.com\/wp-content\/uploads\/2021\/06\/Bedroom-Maria-V3-655x514.jpg 655w\" sizes=\"(max-width: 1722px) 100vw, 1722px\" \/><\/p>\n<p>&nbsp;<\/p>\n<p>Un altro punto di forza, che Musante identifica in Cosy, \u00e8 la capacit\u00e0 di assumere identit\u00e0 differenti. Del resto, il nostro brand si impegna ogni giorno per rispondere proattivamente alle esigenze dei clienti, che vedono proprio nella passione e dedizione dei nostri professionisti un punto di riferimento per il miglioramento della qualit\u00e0 della propria vita. Le aspettative dei clienti sono molteplici ma hanno alcune caratteristiche in comune: <strong>eccellenza, altissima qualit\u00e0, perfetta funzionalit\u00e0 ed innovazione.<\/strong><\/p>\n<p>Non solo. Cosy mira ad essere il consulente di riferimento per ogni esigenza degli studi di architettura. Dall\u2019arredamento di specifici spazi domestici, fino a soluzioni estetiche e tecniche pi\u00f9 complesse. Garantiamo <strong>solo il meglio del design italiano<\/strong>, coordinando una vasta gamma di interlocutori di riconosciuta professionalit\u00e0. Tutto ci\u00f2 per offrire agli architetti un unico punto di riferimento sia per la fase della progettazione che per quella dell\u2019esecuzione.<\/p>\n<p>Siamo onorati dell\u2019attenzione riservata a Cosy International da parte di un riconosciuto esperto di architettura e design come il Professor Musante, e lusingati di essere argomento di riflessione all\u2019interno delle aule del prestigioso Politecnico di Milano. Ringraziamo Musante e tutti i suoi studenti per l\u2019attenzione che ci hanno riservato, lieti di aver fornito spunti utili per l\u2019attivit\u00e0 didattica e professionale.<\/p>\n<p>L\u2019impegno dei nostri professionisti per disegnare il Tuo prossimo progetto di vita, all\u2019insegna del Made in Italy e della Creativit\u00e0, continua ogni giorno, e per questo <a href=\"https:\/\/cosyinternational.com\/it\/contatti\/\" target=\"_blank\" rel=\"noopener\">rimaniamo a disposizione<\/a> per soddisfare ogni Tua aspettativa. <em>Feel at home, feel Cosy.[\/vc_column_text][\/vc_column][\/vc_row]<\/em><\/p>\n<\/div>","protected":false},"excerpt":{"rendered":"<p>[vc_row][vc_column][vc_column_text]Offerta tailor-made, reattivit\u00e0 alle tendenze del mercato internazionale e capacit\u00e0 ad assumere identit\u00e0 differenti. Questi i punti di forza di Cosy International, secondo il Professor Architetto Guido Musante, che fanno del nostro brand un riferimento per l\u2019arredamento di lusso, in Italia e nel mondo. Musante, Architetto e Dottore di Ricerca in Urbanistica nonch\u00e9 Professore del&hellip;<\/p>\n","protected":false},"author":3,"featured_media":3116,"comment_status":"closed","ping_status":"closed","sticky":false,"template":"","format":"image","meta":{"_acf_changed":false,"footnotes":""},"categories":[112],"tags":[30,33,28,34],"acf":[],"yoast_head":"<!-- This site is optimized with the Yoast SEO plugin v22.2 - https:\/\/yoast.com\/wordpress\/plugins\/seo\/ -->\n<title>Comunicazione e Design. La lezione su Cosy International al PoliMi<\/title>\n<meta name=\"description\" content=\"Il Professor Musante ha scelto Cosy International per affrontare le tematiche della comunicazione nel design al Politecnico di Milano\" \/>\n<meta name=\"robots\" content=\"index, follow, max-snippet:-1, max-image-preview:large, max-video-preview:-1\" \/>\n<link rel=\"canonical\" href=\"https:\/\/cosyinternational.com\/it\/comunicazione-e-design-al-politecnico-lezione-su-cosy-international\/\" \/>\n<meta property=\"og:locale\" content=\"it_IT\" \/>\n<meta property=\"og:type\" content=\"article\" \/>\n<meta property=\"og:title\" content=\"Comunicazione e Design. La lezione su Cosy International al PoliMi\" \/>\n<meta property=\"og:description\" content=\"Il Professor Musante ha scelto Cosy International per affrontare le tematiche della comunicazione nel design al Politecnico di Milano\" \/>\n<meta property=\"og:url\" content=\"https:\/\/cosyinternational.com\/it\/comunicazione-e-design-al-politecnico-lezione-su-cosy-international\/\" \/>\n<meta property=\"og:site_name\" content=\"Cosy International\" \/>\n<meta property=\"article:publisher\" content=\"https:\/\/www.facebook.com\/cosyinternational\" \/>\n<meta property=\"article:published_time\" content=\"2021-06-28T21:24:34+00:00\" \/>\n<meta property=\"article:modified_time\" content=\"2023-02-15T09:02:43+00:00\" \/>\n<meta property=\"og:image\" content=\"https:\/\/cosyinternational.com\/wp-content\/uploads\/2021\/06\/1831_ok-_Medium_.jpg\" \/>\n\t<meta property=\"og:image:width\" content=\"1101\" \/>\n\t<meta property=\"og:image:height\" content=\"768\" \/>\n\t<meta property=\"og:image:type\" content=\"image\/jpeg\" \/>\n<meta name=\"author\" content=\"Staff Cosy International\" \/>\n<meta name=\"twitter:card\" content=\"summary_large_image\" \/>\n<meta name=\"twitter:label1\" content=\"Scritto da\" \/>\n\t<meta name=\"twitter:data1\" content=\"Staff Cosy International\" \/>\n\t<meta name=\"twitter:label2\" content=\"Tempo di lettura stimato\" \/>\n\t<meta name=\"twitter:data2\" content=\"4 minuti\" \/>\n<script type=\"application\/ld+json\" class=\"yoast-schema-graph\">{\"@context\":\"https:\/\/schema.org\",\"@graph\":[{\"@type\":\"Article\",\"@id\":\"https:\/\/cosyinternational.com\/it\/comunicazione-e-design-al-politecnico-lezione-su-cosy-international\/#article\",\"isPartOf\":{\"@id\":\"https:\/\/cosyinternational.com\/it\/comunicazione-e-design-al-politecnico-lezione-su-cosy-international\/\"},\"author\":{\"name\":\"Staff Cosy International\",\"@id\":\"https:\/\/cosyinternational.com\/it\/#\/schema\/person\/bbaac503f58012a706dbfaedfbc1e3d0\"},\"headline\":\"Comunicazione e Design. La lezione su Cosy International al Politecnico di Milano\",\"datePublished\":\"2021-06-28T21:24:34+00:00\",\"dateModified\":\"2023-02-15T09:02:43+00:00\",\"mainEntityOfPage\":{\"@id\":\"https:\/\/cosyinternational.com\/it\/comunicazione-e-design-al-politecnico-lezione-su-cosy-international\/\"},\"wordCount\":542,\"publisher\":{\"@id\":\"https:\/\/cosyinternational.com\/it\/#organization\"},\"image\":{\"@id\":\"https:\/\/cosyinternational.com\/it\/comunicazione-e-design-al-politecnico-lezione-su-cosy-international\/#primaryimage\"},\"thumbnailUrl\":\"https:\/\/cosyinternational.com\/wp-content\/uploads\/2021\/06\/1831_ok-_Medium_.jpg\",\"keywords\":[\"architettura\",\"Arredamento su misura\",\"design\",\"Politecnico di Milano PoliMi\"],\"articleSection\":[\"Arredamento personalizzato\"],\"inLanguage\":\"it-IT\"},{\"@type\":\"WebPage\",\"@id\":\"https:\/\/cosyinternational.com\/it\/comunicazione-e-design-al-politecnico-lezione-su-cosy-international\/\",\"url\":\"https:\/\/cosyinternational.com\/it\/comunicazione-e-design-al-politecnico-lezione-su-cosy-international\/\",\"name\":\"Comunicazione e Design. La lezione su Cosy International al PoliMi\",\"isPartOf\":{\"@id\":\"https:\/\/cosyinternational.com\/it\/#website\"},\"primaryImageOfPage\":{\"@id\":\"https:\/\/cosyinternational.com\/it\/comunicazione-e-design-al-politecnico-lezione-su-cosy-international\/#primaryimage\"},\"image\":{\"@id\":\"https:\/\/cosyinternational.com\/it\/comunicazione-e-design-al-politecnico-lezione-su-cosy-international\/#primaryimage\"},\"thumbnailUrl\":\"https:\/\/cosyinternational.com\/wp-content\/uploads\/2021\/06\/1831_ok-_Medium_.jpg\",\"datePublished\":\"2021-06-28T21:24:34+00:00\",\"dateModified\":\"2023-02-15T09:02:43+00:00\",\"description\":\"Il Professor Musante ha scelto Cosy International per affrontare le tematiche della comunicazione nel design al Politecnico di Milano\",\"breadcrumb\":{\"@id\":\"https:\/\/cosyinternational.com\/it\/comunicazione-e-design-al-politecnico-lezione-su-cosy-international\/#breadcrumb\"},\"inLanguage\":\"it-IT\",\"potentialAction\":[{\"@type\":\"ReadAction\",\"target\":[\"https:\/\/cosyinternational.com\/it\/comunicazione-e-design-al-politecnico-lezione-su-cosy-international\/\"]}]},{\"@type\":\"ImageObject\",\"inLanguage\":\"it-IT\",\"@id\":\"https:\/\/cosyinternational.com\/it\/comunicazione-e-design-al-politecnico-lezione-su-cosy-international\/#primaryimage\",\"url\":\"https:\/\/cosyinternational.com\/wp-content\/uploads\/2021\/06\/1831_ok-_Medium_.jpg\",\"contentUrl\":\"https:\/\/cosyinternational.com\/wp-content\/uploads\/2021\/06\/1831_ok-_Medium_.jpg\",\"width\":1101,\"height\":768},{\"@type\":\"BreadcrumbList\",\"@id\":\"https:\/\/cosyinternational.com\/it\/comunicazione-e-design-al-politecnico-lezione-su-cosy-international\/#breadcrumb\",\"itemListElement\":[{\"@type\":\"ListItem\",\"position\":1,\"name\":\"Home\",\"item\":\"https:\/\/cosyinternational.com\/it\/\"},{\"@type\":\"ListItem\",\"position\":2,\"name\":\"Comunicazione e Design. La lezione su Cosy International al Politecnico di Milano\"}]},{\"@type\":\"WebSite\",\"@id\":\"https:\/\/cosyinternational.com\/it\/#website\",\"url\":\"https:\/\/cosyinternational.com\/it\/\",\"name\":\"COSY International\",\"description\":\"Luxury Bespoke Wardrobes\",\"publisher\":{\"@id\":\"https:\/\/cosyinternational.com\/it\/#organization\"},\"potentialAction\":[{\"@type\":\"SearchAction\",\"target\":{\"@type\":\"EntryPoint\",\"urlTemplate\":\"https:\/\/cosyinternational.com\/it\/?s={search_term_string}\"},\"query-input\":\"required name=search_term_string\"}],\"inLanguage\":\"it-IT\"},{\"@type\":\"Organization\",\"@id\":\"https:\/\/cosyinternational.com\/it\/#organization\",\"name\":\"COSY Srl\",\"url\":\"https:\/\/cosyinternational.com\/it\/\",\"logo\":{\"@type\":\"ImageObject\",\"inLanguage\":\"it-IT\",\"@id\":\"https:\/\/cosyinternational.com\/it\/#\/schema\/logo\/image\/\",\"url\":\"https:\/\/cosyinternational.com\/wp-content\/uploads\/2023\/03\/Logo_Nero_V2_margine.png\",\"contentUrl\":\"https:\/\/cosyinternational.com\/wp-content\/uploads\/2023\/03\/Logo_Nero_V2_margine.png\",\"width\":2392,\"height\":1155,\"caption\":\"COSY Srl\"},\"image\":{\"@id\":\"https:\/\/cosyinternational.com\/it\/#\/schema\/logo\/image\/\"},\"sameAs\":[\"https:\/\/www.facebook.com\/cosyinternational\",\"https:\/\/www.instagram.com\/cosyinternational\",\"https:\/\/it.linkedin.com\/company\/cosy-srl\",\"https:\/\/www.youtube.com\/channel\/UC1FFm4YbQ-ViqzjCAQJ0uFQ\/videos\",\"https:\/\/www.pinterest.it\/cosyinternational\/\"]},{\"@type\":\"Person\",\"@id\":\"https:\/\/cosyinternational.com\/it\/#\/schema\/person\/bbaac503f58012a706dbfaedfbc1e3d0\",\"name\":\"Staff Cosy International\",\"image\":{\"@type\":\"ImageObject\",\"inLanguage\":\"it-IT\",\"@id\":\"https:\/\/cosyinternational.com\/it\/#\/schema\/person\/image\/\",\"url\":\"https:\/\/secure.gravatar.com\/avatar\/39845de258004c0e92253ece7faf073b?s=96&d=mm&r=g\",\"contentUrl\":\"https:\/\/secure.gravatar.com\/avatar\/39845de258004c0e92253ece7faf073b?s=96&d=mm&r=g\",\"caption\":\"Staff Cosy International\"},\"url\":\"https:\/\/cosyinternational.com\/it\/author\/staff-cosy-international\/\"}]}<\/script>\n<!-- \/ Yoast SEO plugin. -->","yoast_head_json":{"title":"Comunicazione e Design. La lezione su Cosy International al PoliMi","description":"Il Professor Musante ha scelto Cosy International per affrontare le tematiche della comunicazione nel design al Politecnico di Milano","robots":{"index":"index","follow":"follow","max-snippet":"max-snippet:-1","max-image-preview":"max-image-preview:large","max-video-preview":"max-video-preview:-1"},"canonical":"https:\/\/cosyinternational.com\/it\/comunicazione-e-design-al-politecnico-lezione-su-cosy-international\/","og_locale":"it_IT","og_type":"article","og_title":"Comunicazione e Design. La lezione su Cosy International al PoliMi","og_description":"Il Professor Musante ha scelto Cosy International per affrontare le tematiche della comunicazione nel design al Politecnico di Milano","og_url":"https:\/\/cosyinternational.com\/it\/comunicazione-e-design-al-politecnico-lezione-su-cosy-international\/","og_site_name":"Cosy International","article_publisher":"https:\/\/www.facebook.com\/cosyinternational","article_published_time":"2021-06-28T21:24:34+00:00","article_modified_time":"2023-02-15T09:02:43+00:00","og_image":[{"width":1101,"height":768,"url":"https:\/\/cosyinternational.com\/wp-content\/uploads\/2021\/06\/1831_ok-_Medium_.jpg","type":"image\/jpeg"}],"author":"Staff Cosy International","twitter_card":"summary_large_image","twitter_misc":{"Scritto da":"Staff Cosy International","Tempo di lettura stimato":"4 minuti"},"schema":{"@context":"https:\/\/schema.org","@graph":[{"@type":"Article","@id":"https:\/\/cosyinternational.com\/it\/comunicazione-e-design-al-politecnico-lezione-su-cosy-international\/#article","isPartOf":{"@id":"https:\/\/cosyinternational.com\/it\/comunicazione-e-design-al-politecnico-lezione-su-cosy-international\/"},"author":{"name":"Staff Cosy International","@id":"https:\/\/cosyinternational.com\/it\/#\/schema\/person\/bbaac503f58012a706dbfaedfbc1e3d0"},"headline":"Comunicazione e Design. La lezione su Cosy International al Politecnico di Milano","datePublished":"2021-06-28T21:24:34+00:00","dateModified":"2023-02-15T09:02:43+00:00","mainEntityOfPage":{"@id":"https:\/\/cosyinternational.com\/it\/comunicazione-e-design-al-politecnico-lezione-su-cosy-international\/"},"wordCount":542,"publisher":{"@id":"https:\/\/cosyinternational.com\/it\/#organization"},"image":{"@id":"https:\/\/cosyinternational.com\/it\/comunicazione-e-design-al-politecnico-lezione-su-cosy-international\/#primaryimage"},"thumbnailUrl":"https:\/\/cosyinternational.com\/wp-content\/uploads\/2021\/06\/1831_ok-_Medium_.jpg","keywords":["architettura","Arredamento su misura","design","Politecnico di Milano PoliMi"],"articleSection":["Arredamento personalizzato"],"inLanguage":"it-IT"},{"@type":"WebPage","@id":"https:\/\/cosyinternational.com\/it\/comunicazione-e-design-al-politecnico-lezione-su-cosy-international\/","url":"https:\/\/cosyinternational.com\/it\/comunicazione-e-design-al-politecnico-lezione-su-cosy-international\/","name":"Comunicazione e Design. La lezione su Cosy International al PoliMi","isPartOf":{"@id":"https:\/\/cosyinternational.com\/it\/#website"},"primaryImageOfPage":{"@id":"https:\/\/cosyinternational.com\/it\/comunicazione-e-design-al-politecnico-lezione-su-cosy-international\/#primaryimage"},"image":{"@id":"https:\/\/cosyinternational.com\/it\/comunicazione-e-design-al-politecnico-lezione-su-cosy-international\/#primaryimage"},"thumbnailUrl":"https:\/\/cosyinternational.com\/wp-content\/uploads\/2021\/06\/1831_ok-_Medium_.jpg","datePublished":"2021-06-28T21:24:34+00:00","dateModified":"2023-02-15T09:02:43+00:00","description":"Il Professor Musante ha scelto Cosy International per affrontare le tematiche della comunicazione nel design al Politecnico di Milano","breadcrumb":{"@id":"https:\/\/cosyinternational.com\/it\/comunicazione-e-design-al-politecnico-lezione-su-cosy-international\/#breadcrumb"},"inLanguage":"it-IT","potentialAction":[{"@type":"ReadAction","target":["https:\/\/cosyinternational.com\/it\/comunicazione-e-design-al-politecnico-lezione-su-cosy-international\/"]}]},{"@type":"ImageObject","inLanguage":"it-IT","@id":"https:\/\/cosyinternational.com\/it\/comunicazione-e-design-al-politecnico-lezione-su-cosy-international\/#primaryimage","url":"https:\/\/cosyinternational.com\/wp-content\/uploads\/2021\/06\/1831_ok-_Medium_.jpg","contentUrl":"https:\/\/cosyinternational.com\/wp-content\/uploads\/2021\/06\/1831_ok-_Medium_.jpg","width":1101,"height":768},{"@type":"BreadcrumbList","@id":"https:\/\/cosyinternational.com\/it\/comunicazione-e-design-al-politecnico-lezione-su-cosy-international\/#breadcrumb","itemListElement":[{"@type":"ListItem","position":1,"name":"Home","item":"https:\/\/cosyinternational.com\/it\/"},{"@type":"ListItem","position":2,"name":"Comunicazione e Design. La lezione su Cosy International al Politecnico di Milano"}]},{"@type":"WebSite","@id":"https:\/\/cosyinternational.com\/it\/#website","url":"https:\/\/cosyinternational.com\/it\/","name":"COSY International","description":"Luxury Bespoke Wardrobes","publisher":{"@id":"https:\/\/cosyinternational.com\/it\/#organization"},"potentialAction":[{"@type":"SearchAction","target":{"@type":"EntryPoint","urlTemplate":"https:\/\/cosyinternational.com\/it\/?s={search_term_string}"},"query-input":"required name=search_term_string"}],"inLanguage":"it-IT"},{"@type":"Organization","@id":"https:\/\/cosyinternational.com\/it\/#organization","name":"COSY Srl","url":"https:\/\/cosyinternational.com\/it\/","logo":{"@type":"ImageObject","inLanguage":"it-IT","@id":"https:\/\/cosyinternational.com\/it\/#\/schema\/logo\/image\/","url":"https:\/\/cosyinternational.com\/wp-content\/uploads\/2023\/03\/Logo_Nero_V2_margine.png","contentUrl":"https:\/\/cosyinternational.com\/wp-content\/uploads\/2023\/03\/Logo_Nero_V2_margine.png","width":2392,"height":1155,"caption":"COSY Srl"},"image":{"@id":"https:\/\/cosyinternational.com\/it\/#\/schema\/logo\/image\/"},"sameAs":["https:\/\/www.facebook.com\/cosyinternational","https:\/\/www.instagram.com\/cosyinternational","https:\/\/it.linkedin.com\/company\/cosy-srl","https:\/\/www.youtube.com\/channel\/UC1FFm4YbQ-ViqzjCAQJ0uFQ\/videos","https:\/\/www.pinterest.it\/cosyinternational\/"]},{"@type":"Person","@id":"https:\/\/cosyinternational.com\/it\/#\/schema\/person\/bbaac503f58012a706dbfaedfbc1e3d0","name":"Staff Cosy International","image":{"@type":"ImageObject","inLanguage":"it-IT","@id":"https:\/\/cosyinternational.com\/it\/#\/schema\/person\/image\/","url":"https:\/\/secure.gravatar.com\/avatar\/39845de258004c0e92253ece7faf073b?s=96&d=mm&r=g","contentUrl":"https:\/\/secure.gravatar.com\/avatar\/39845de258004c0e92253ece7faf073b?s=96&d=mm&r=g","caption":"Staff Cosy International"},"url":"https:\/\/cosyinternational.com\/it\/author\/staff-cosy-international\/"}]}},"_links":{"self":[{"href":"https:\/\/cosyinternational.com\/it\/wp-json\/wp\/v2\/posts\/3123"}],"collection":[{"href":"https:\/\/cosyinternational.com\/it\/wp-json\/wp\/v2\/posts"}],"about":[{"href":"https:\/\/cosyinternational.com\/it\/wp-json\/wp\/v2\/types\/post"}],"author":[{"embeddable":true,"href":"https:\/\/cosyinternational.com\/it\/wp-json\/wp\/v2\/users\/3"}],"replies":[{"embeddable":true,"href":"https:\/\/cosyinternational.com\/it\/wp-json\/wp\/v2\/comments?post=3123"}],"version-history":[{"count":23,"href":"https:\/\/cosyinternational.com\/it\/wp-json\/wp\/v2\/posts\/3123\/revisions"}],"predecessor-version":[{"id":3135,"href":"https:\/\/cosyinternational.com\/it\/wp-json\/wp\/v2\/posts\/3123\/revisions\/3135"}],"wp:featuredmedia":[{"embeddable":true,"href":"https:\/\/cosyinternational.com\/it\/wp-json\/wp\/v2\/media\/3116"}],"wp:attachment":[{"href":"https:\/\/cosyinternational.com\/it\/wp-json\/wp\/v2\/media?parent=3123"}],"wp:term":[{"taxonomy":"category","embeddable":true,"href":"https:\/\/cosyinternational.com\/it\/wp-json\/wp\/v2\/categories?post=3123"},{"taxonomy":"post_tag","embeddable":true,"href":"https:\/\/cosyinternational.com\/it\/wp-json\/wp\/v2\/tags?post=3123"}],"curies":[{"name":"wp","href":"https:\/\/api.w.org\/{rel}","templated":true}]}}