{"id":3309,"date":"2021-10-14T10:09:30","date_gmt":"2021-10-14T10:09:30","guid":{"rendered":"https:\/\/cosyinternational.com\/?p=3309"},"modified":"2023-04-17T19:49:44","modified_gmt":"2023-04-17T19:49:44","slug":"cabine-armadio-su-misura-al-salone-del-mobile-di-milano","status":"publish","type":"post","link":"https:\/\/cosyinternational.com\/it\/cabine-armadio-su-misura-al-salone-del-mobile-di-milano\/","title":{"rendered":"Cabine Armadio su misura al Salone del Mobile di Milano: un trend emergente"},"content":{"rendered":"<div class=\"wpb-content-wrapper\"><p>[vc_row][vc_column][vc_column_text]<\/p>\n<p><strong>Il <a href=\"https:\/\/www.salonemilano.it\/it\" target=\"_blank\" rel=\"noopener\">Salone del Mobile di Milano<\/a><\/strong><strong> \u00e8 da sempre l&#8217;evento leader a livello mondiale<\/strong>, quando si parla di Design e Arredamento. La sua prima edizione risale al 1961 e la capitale economica italiana continuer\u00e0 ad ospitare la manifestazione almeno fino al 2032.<\/p>\n<p>&nbsp;<\/p>\n<p><b>Cenni storici del Salone del Mobile <\/b><\/p>\n<p>Negli anni Cinquanta e Sessanta l&#8217;Italia conobbe un&#8217;importante fase di sviluppo economico, dopo la seconda guerra mondiale. Questa contingenza storica \u00e8 stata caratterizzata dalla crescente domanda, nelle famiglie italiane, di abitazioni e, di conseguenza, di mobili. Pertanto, l&#8217;industria del mobile italiana ha visto la necessit\u00e0 di entrare in contatto con potenziali clienti e imprenditori, attratti dalle opportunit\u00e0 economiche emergenti.<\/p>\n<p>Questo fenomeno ha creato le premesse per l&#8217;inaugurazione, presso la Fiera di Milano, del primo Salone del Mobile. Da allora, <b>il Salone \u00e8 universalmente riconosciuto come il luogo di riferimento, quando si tratta di scoprire e analizzare le ultime tendenze in fatto di Design e Arredamento.<\/b><\/p>\n<p>&nbsp;<\/p>\n<p>[vc_raw_html]JTNDaWZyYW1lJTIwc3JjJTNEJTIyaHR0cHMlM0ElMkYlMkZ3d3cuZmFjZWJvb2suY29tJTJGcGx1Z2lucyUyRnBvc3QucGhwJTNGaHJlZiUzRGh0dHBzJTI1M0ElMjUyRiUyNTJGd3d3LmZhY2Vib29rLmNvbSUyNTJGc2Fsb25lZGVsbW9iaWxlb2ZmaWNpYWwlMjUyRnBvc3RzJTI1MkY0Mzg0ODgwMDAxNTkxMzI0JTI2c2hvd190ZXh0JTNEdHJ1ZSUyNndpZHRoJTNENTAwJTIyJTIwd2lkdGglM0QlMjI1MDAlMjIlMjBoZWlnaHQlM0QlMjI0MTAlMjIlMjBzdHlsZSUzRCUyMmJvcmRlciUzQW5vbmUlM0JvdmVyZmxvdyUzQWhpZGRlbiUyMiUyMHNjcm9sbGluZyUzRCUyMm5vJTIyJTIwZnJhbWVib3JkZXIlM0QlMjIwJTIyJTIwYWxsb3dmdWxsc2NyZWVuJTNEJTIydHJ1ZSUyMiUyMGFsbG93JTNEJTIyYXV0b3BsYXklM0IlMjBjbGlwYm9hcmQtd3JpdGUlM0IlMjBlbmNyeXB0ZWQtbWVkaWElM0IlMjBwaWN0dXJlLWluLXBpY3R1cmUlM0IlMjB3ZWItc2hhcmUlMjIlM0UlM0MlMkZpZnJhbWUlM0U=[\/vc_raw_html][\/vc_column][\/vc_row]<\/p>\n<p>&nbsp;<\/p>\n<p><b>Trend design e arredamento 2022? Le cabine armadio su misura! <\/b><\/p>\n<p>Quest&#8217;anno le cabine armadio sono emerse come le grandi protagoniste della camera da letto 2022 secondo le tendenze d&#8217;arredo per la zona notte. Le <a href=\"https:\/\/cosyinternational.com\/it\/cabine-armadio-su-misura\/\" target=\"_blank\" rel=\"noopener\">cabine armadio<\/a> non sono solo il luogo dove riponiamo i nostri vestiti e accessori, ma anche sistemi pi\u00f9 ampi per la zona notte e oggetti di design.<\/p>\n<p>Durante la pandemia di Covid-19, siamo stati purtroppo costretti a trascorrere le nostre giornate in casa e questo ha sicuramente cambiato le nostre abitudini e stili di vita quotidiani. Pertanto, <b>le nostre case sono diventate sempre pi\u00f9 non solo i luoghi dove ci rilassiamo a fine giornata, ma anche una proiezione di noi stessi, secondo le nostre preferenze e ispirazioni.<\/b><\/p>\n<p>Noi di Cosy International abbiamo compreso questa tendenza sin dalla nostra fondazione. In base allo spazio disponibile, <b>i nostri clienti possono godere dell&#8217;opportunit\u00e0 di contattarci e progettare il loro armadio guardaroba personalizzato in base alle loro esigenze e preferenze specifiche.<\/b><\/p>\n<p>La nostra versatilit\u00e0 e le infinite possibilit\u00e0 di personalizzazione lasciano <b>totale libert\u00e0 di espressione alle nostre emozioni<\/b>, grazie alla combinazione tra diversi elementi. L&#8217;artigianalit\u00e0, basata sulla nostra lunga esperienza artigianale, d\u00e0 vita a soluzioni personalizzate caratterizzate dal massimo comfort ed eleganza.<\/p>\n<p>Il Salone del Mobile di Milano, un&#8217;istituzione in fatto di Design e Arredamento, ha chiarito che <a href=\"https:\/\/design.fanpage.it\/tendenze-arredamento-2022-i-nuovi-stili-e-i-colori-per-la-casa-e-linterior-design\/\" target=\"_blank\" rel=\"noopener\">le Cabine Armadio su misura saranno la nuova tendenza nel 2022.<\/a> Da Firenze, a soli 300 chilometri da Milano, <b>siamo pronti ad accettare la sfida<\/b> e raggiungere un livello di qualit\u00e0 superiore.<\/p>\n<p>Per ottenere il meglio, <a href=\"https:\/\/cosyinternational.com\/it\/brochure\/\" target=\"_blank\" rel=\"noopener\">affidati ai migliori.<\/a> <i>Fidati della tua Creativit\u00e0, sentiti a Casa.<\/i><\/p>\n<p>&nbsp;<\/p>\n<p><img loading=\"lazy\" decoding=\"async\" class=\"alignnone size-full wp-image-3312\" src=\"https:\/\/cosyinternational.com\/wp-content\/uploads\/2021\/10\/IMG_1838.jpg\" alt=\"\" width=\"2400\" height=\"2000\" srcset=\"https:\/\/cosyinternational.com\/wp-content\/uploads\/2021\/10\/IMG_1838.jpg 2400w, https:\/\/cosyinternational.com\/wp-content\/uploads\/2021\/10\/IMG_1838-300x250.jpg 300w, https:\/\/cosyinternational.com\/wp-content\/uploads\/2021\/10\/IMG_1838-1024x853.jpg 1024w, https:\/\/cosyinternational.com\/wp-content\/uploads\/2021\/10\/IMG_1838-768x640.jpg 768w, https:\/\/cosyinternational.com\/wp-content\/uploads\/2021\/10\/IMG_1838-1536x1280.jpg 1536w, https:\/\/cosyinternational.com\/wp-content\/uploads\/2021\/10\/IMG_1838-2048x1707.jpg 2048w, https:\/\/cosyinternational.com\/wp-content\/uploads\/2021\/10\/IMG_1838-1612x1343.jpg 1612w, https:\/\/cosyinternational.com\/wp-content\/uploads\/2021\/10\/IMG_1838-1116x930.jpg 1116w, https:\/\/cosyinternational.com\/wp-content\/uploads\/2021\/10\/IMG_1838-806x672.jpg 806w, https:\/\/cosyinternational.com\/wp-content\/uploads\/2021\/10\/IMG_1838-558x465.jpg 558w, https:\/\/cosyinternational.com\/wp-content\/uploads\/2021\/10\/IMG_1838-655x546.jpg 655w\" sizes=\"(max-width: 2400px) 100vw, 2400px\" \/><\/p>\n<\/div>","protected":false},"excerpt":{"rendered":"<p>Il Salone del Mobile di Milano \u00e8 da sempre l&#8217;evento leader a livello mondiale, quando si parla di Design e Arredamento. La sua prima edizione risale al 1961 e la capitale economica italiana continuer\u00e0 ad ospitare la manifestazione almeno fino al 2032. Quest&#8217;anno le cabine armadio sono emerse come le grandi protagoniste della camera da letto 2022 secondo le tendenze d&#8217;arredo per la zona notte.<\/p>\n","protected":false},"author":3,"featured_media":3310,"comment_status":"closed","ping_status":"closed","sticky":false,"template":"","format":"standard","meta":{"_acf_changed":false,"footnotes":""},"categories":[11],"tags":[30,61,54,63],"acf":[],"yoast_head":"<!-- This site is optimized with the Yoast SEO plugin v22.2 - https:\/\/yoast.com\/wordpress\/plugins\/seo\/ -->\n<title>Cabine Armadio su misura tra le novit\u00e0 del Salone del Mobile<\/title>\n<meta name=\"description\" content=\"Il tradizionale appuntamento italiano dedicato al Design e all&#039;Arredamento ha evidenziato la nuova tendenza del 2022: le Cabine Armadio su misura.\" \/>\n<meta name=\"robots\" content=\"index, follow, max-snippet:-1, max-image-preview:large, max-video-preview:-1\" \/>\n<link rel=\"canonical\" href=\"https:\/\/cosyinternational.com\/it\/cabine-armadio-su-misura-al-salone-del-mobile-di-milano\/\" \/>\n<meta property=\"og:locale\" content=\"it_IT\" \/>\n<meta property=\"og:type\" content=\"article\" \/>\n<meta property=\"og:title\" content=\"Cabine Armadio su misura tra le novit\u00e0 del Salone del Mobile\" \/>\n<meta property=\"og:description\" content=\"Il tradizionale appuntamento italiano dedicato al Design e all&#039;Arredamento ha evidenziato la nuova tendenza del 2022: le Cabine Armadio su misura.\" \/>\n<meta property=\"og:url\" content=\"https:\/\/cosyinternational.com\/it\/cabine-armadio-su-misura-al-salone-del-mobile-di-milano\/\" \/>\n<meta property=\"og:site_name\" content=\"Cosy International\" \/>\n<meta property=\"article:publisher\" content=\"https:\/\/www.facebook.com\/cosyinternational\" \/>\n<meta property=\"article:published_time\" content=\"2021-10-14T10:09:30+00:00\" \/>\n<meta property=\"article:modified_time\" content=\"2023-04-17T19:49:44+00:00\" \/>\n<meta property=\"og:image\" content=\"https:\/\/cosyinternational.com\/wp-content\/uploads\/2021\/10\/IMG_1837-1024x853.jpg\" \/>\n\t<meta property=\"og:image:width\" content=\"1024\" \/>\n\t<meta property=\"og:image:height\" content=\"853\" \/>\n\t<meta property=\"og:image:type\" content=\"image\/jpeg\" \/>\n<meta name=\"author\" content=\"Staff Cosy International\" \/>\n<meta name=\"twitter:card\" content=\"summary_large_image\" \/>\n<meta name=\"twitter:label1\" content=\"Scritto da\" \/>\n\t<meta name=\"twitter:data1\" content=\"Staff Cosy International\" \/>\n\t<meta name=\"twitter:label2\" content=\"Tempo di lettura stimato\" \/>\n\t<meta name=\"twitter:data2\" content=\"3 minuti\" \/>\n<script type=\"application\/ld+json\" class=\"yoast-schema-graph\">{\"@context\":\"https:\/\/schema.org\",\"@graph\":[{\"@type\":\"Article\",\"@id\":\"https:\/\/cosyinternational.com\/it\/cabine-armadio-su-misura-al-salone-del-mobile-di-milano\/#article\",\"isPartOf\":{\"@id\":\"https:\/\/cosyinternational.com\/it\/cabine-armadio-su-misura-al-salone-del-mobile-di-milano\/\"},\"author\":{\"name\":\"Staff Cosy International\",\"@id\":\"https:\/\/cosyinternational.com\/it\/#\/schema\/person\/bbaac503f58012a706dbfaedfbc1e3d0\"},\"headline\":\"Cabine Armadio su misura al Salone del Mobile di Milano: un trend emergente\",\"datePublished\":\"2021-10-14T10:09:30+00:00\",\"dateModified\":\"2023-04-17T19:49:44+00:00\",\"mainEntityOfPage\":{\"@id\":\"https:\/\/cosyinternational.com\/it\/cabine-armadio-su-misura-al-salone-del-mobile-di-milano\/\"},\"wordCount\":507,\"publisher\":{\"@id\":\"https:\/\/cosyinternational.com\/it\/#organization\"},\"image\":{\"@id\":\"https:\/\/cosyinternational.com\/it\/cabine-armadio-su-misura-al-salone-del-mobile-di-milano\/#primaryimage\"},\"thumbnailUrl\":\"https:\/\/cosyinternational.com\/wp-content\/uploads\/2021\/10\/IMG_1837.jpg\",\"keywords\":[\"architettura\",\"cabine armadio\",\"milano\",\"Tendenze 2022\"],\"articleSection\":[\"News &amp; Eventi\"],\"inLanguage\":\"it-IT\"},{\"@type\":\"WebPage\",\"@id\":\"https:\/\/cosyinternational.com\/it\/cabine-armadio-su-misura-al-salone-del-mobile-di-milano\/\",\"url\":\"https:\/\/cosyinternational.com\/it\/cabine-armadio-su-misura-al-salone-del-mobile-di-milano\/\",\"name\":\"Cabine Armadio su misura tra le novit\u00e0 del Salone del Mobile\",\"isPartOf\":{\"@id\":\"https:\/\/cosyinternational.com\/it\/#website\"},\"primaryImageOfPage\":{\"@id\":\"https:\/\/cosyinternational.com\/it\/cabine-armadio-su-misura-al-salone-del-mobile-di-milano\/#primaryimage\"},\"image\":{\"@id\":\"https:\/\/cosyinternational.com\/it\/cabine-armadio-su-misura-al-salone-del-mobile-di-milano\/#primaryimage\"},\"thumbnailUrl\":\"https:\/\/cosyinternational.com\/wp-content\/uploads\/2021\/10\/IMG_1837.jpg\",\"datePublished\":\"2021-10-14T10:09:30+00:00\",\"dateModified\":\"2023-04-17T19:49:44+00:00\",\"description\":\"Il tradizionale appuntamento italiano dedicato al Design e all'Arredamento ha evidenziato la nuova tendenza del 2022: le Cabine Armadio su misura.\",\"breadcrumb\":{\"@id\":\"https:\/\/cosyinternational.com\/it\/cabine-armadio-su-misura-al-salone-del-mobile-di-milano\/#breadcrumb\"},\"inLanguage\":\"it-IT\",\"potentialAction\":[{\"@type\":\"ReadAction\",\"target\":[\"https:\/\/cosyinternational.com\/it\/cabine-armadio-su-misura-al-salone-del-mobile-di-milano\/\"]}]},{\"@type\":\"ImageObject\",\"inLanguage\":\"it-IT\",\"@id\":\"https:\/\/cosyinternational.com\/it\/cabine-armadio-su-misura-al-salone-del-mobile-di-milano\/#primaryimage\",\"url\":\"https:\/\/cosyinternational.com\/wp-content\/uploads\/2021\/10\/IMG_1837.jpg\",\"contentUrl\":\"https:\/\/cosyinternational.com\/wp-content\/uploads\/2021\/10\/IMG_1837.jpg\",\"width\":2400,\"height\":2000},{\"@type\":\"BreadcrumbList\",\"@id\":\"https:\/\/cosyinternational.com\/it\/cabine-armadio-su-misura-al-salone-del-mobile-di-milano\/#breadcrumb\",\"itemListElement\":[{\"@type\":\"ListItem\",\"position\":1,\"name\":\"Home\",\"item\":\"https:\/\/cosyinternational.com\/it\/\"},{\"@type\":\"ListItem\",\"position\":2,\"name\":\"Cabine Armadio su misura al Salone del Mobile di Milano: un trend emergente\"}]},{\"@type\":\"WebSite\",\"@id\":\"https:\/\/cosyinternational.com\/it\/#website\",\"url\":\"https:\/\/cosyinternational.com\/it\/\",\"name\":\"COSY International\",\"description\":\"Luxury Bespoke Wardrobes\",\"publisher\":{\"@id\":\"https:\/\/cosyinternational.com\/it\/#organization\"},\"potentialAction\":[{\"@type\":\"SearchAction\",\"target\":{\"@type\":\"EntryPoint\",\"urlTemplate\":\"https:\/\/cosyinternational.com\/it\/?s={search_term_string}\"},\"query-input\":\"required name=search_term_string\"}],\"inLanguage\":\"it-IT\"},{\"@type\":\"Organization\",\"@id\":\"https:\/\/cosyinternational.com\/it\/#organization\",\"name\":\"COSY Srl\",\"url\":\"https:\/\/cosyinternational.com\/it\/\",\"logo\":{\"@type\":\"ImageObject\",\"inLanguage\":\"it-IT\",\"@id\":\"https:\/\/cosyinternational.com\/it\/#\/schema\/logo\/image\/\",\"url\":\"https:\/\/cosyinternational.com\/wp-content\/uploads\/2023\/03\/Logo_Nero_V2_margine.png\",\"contentUrl\":\"https:\/\/cosyinternational.com\/wp-content\/uploads\/2023\/03\/Logo_Nero_V2_margine.png\",\"width\":2392,\"height\":1155,\"caption\":\"COSY Srl\"},\"image\":{\"@id\":\"https:\/\/cosyinternational.com\/it\/#\/schema\/logo\/image\/\"},\"sameAs\":[\"https:\/\/www.facebook.com\/cosyinternational\",\"https:\/\/www.instagram.com\/cosyinternational\",\"https:\/\/it.linkedin.com\/company\/cosy-srl\",\"https:\/\/www.youtube.com\/channel\/UC1FFm4YbQ-ViqzjCAQJ0uFQ\/videos\",\"https:\/\/www.pinterest.it\/cosyinternational\/\"]},{\"@type\":\"Person\",\"@id\":\"https:\/\/cosyinternational.com\/it\/#\/schema\/person\/bbaac503f58012a706dbfaedfbc1e3d0\",\"name\":\"Staff Cosy International\",\"image\":{\"@type\":\"ImageObject\",\"inLanguage\":\"it-IT\",\"@id\":\"https:\/\/cosyinternational.com\/it\/#\/schema\/person\/image\/\",\"url\":\"https:\/\/secure.gravatar.com\/avatar\/39845de258004c0e92253ece7faf073b?s=96&d=mm&r=g\",\"contentUrl\":\"https:\/\/secure.gravatar.com\/avatar\/39845de258004c0e92253ece7faf073b?s=96&d=mm&r=g\",\"caption\":\"Staff Cosy International\"},\"url\":\"https:\/\/cosyinternational.com\/it\/author\/staff-cosy-international\/\"}]}<\/script>\n<!-- \/ Yoast SEO plugin. -->","yoast_head_json":{"title":"Cabine Armadio su misura tra le novit\u00e0 del Salone del Mobile","description":"Il tradizionale appuntamento italiano dedicato al Design e all'Arredamento ha evidenziato la nuova tendenza del 2022: le Cabine Armadio su misura.","robots":{"index":"index","follow":"follow","max-snippet":"max-snippet:-1","max-image-preview":"max-image-preview:large","max-video-preview":"max-video-preview:-1"},"canonical":"https:\/\/cosyinternational.com\/it\/cabine-armadio-su-misura-al-salone-del-mobile-di-milano\/","og_locale":"it_IT","og_type":"article","og_title":"Cabine Armadio su misura tra le novit\u00e0 del Salone del Mobile","og_description":"Il tradizionale appuntamento italiano dedicato al Design e all'Arredamento ha evidenziato la nuova tendenza del 2022: le Cabine Armadio su misura.","og_url":"https:\/\/cosyinternational.com\/it\/cabine-armadio-su-misura-al-salone-del-mobile-di-milano\/","og_site_name":"Cosy International","article_publisher":"https:\/\/www.facebook.com\/cosyinternational","article_published_time":"2021-10-14T10:09:30+00:00","article_modified_time":"2023-04-17T19:49:44+00:00","og_image":[{"width":1024,"height":853,"url":"https:\/\/cosyinternational.com\/wp-content\/uploads\/2021\/10\/IMG_1837-1024x853.jpg","type":"image\/jpeg"}],"author":"Staff Cosy International","twitter_card":"summary_large_image","twitter_misc":{"Scritto da":"Staff Cosy International","Tempo di lettura stimato":"3 minuti"},"schema":{"@context":"https:\/\/schema.org","@graph":[{"@type":"Article","@id":"https:\/\/cosyinternational.com\/it\/cabine-armadio-su-misura-al-salone-del-mobile-di-milano\/#article","isPartOf":{"@id":"https:\/\/cosyinternational.com\/it\/cabine-armadio-su-misura-al-salone-del-mobile-di-milano\/"},"author":{"name":"Staff Cosy International","@id":"https:\/\/cosyinternational.com\/it\/#\/schema\/person\/bbaac503f58012a706dbfaedfbc1e3d0"},"headline":"Cabine Armadio su misura al Salone del Mobile di Milano: un trend emergente","datePublished":"2021-10-14T10:09:30+00:00","dateModified":"2023-04-17T19:49:44+00:00","mainEntityOfPage":{"@id":"https:\/\/cosyinternational.com\/it\/cabine-armadio-su-misura-al-salone-del-mobile-di-milano\/"},"wordCount":507,"publisher":{"@id":"https:\/\/cosyinternational.com\/it\/#organization"},"image":{"@id":"https:\/\/cosyinternational.com\/it\/cabine-armadio-su-misura-al-salone-del-mobile-di-milano\/#primaryimage"},"thumbnailUrl":"https:\/\/cosyinternational.com\/wp-content\/uploads\/2021\/10\/IMG_1837.jpg","keywords":["architettura","cabine armadio","milano","Tendenze 2022"],"articleSection":["News &amp; Eventi"],"inLanguage":"it-IT"},{"@type":"WebPage","@id":"https:\/\/cosyinternational.com\/it\/cabine-armadio-su-misura-al-salone-del-mobile-di-milano\/","url":"https:\/\/cosyinternational.com\/it\/cabine-armadio-su-misura-al-salone-del-mobile-di-milano\/","name":"Cabine Armadio su misura tra le novit\u00e0 del Salone del Mobile","isPartOf":{"@id":"https:\/\/cosyinternational.com\/it\/#website"},"primaryImageOfPage":{"@id":"https:\/\/cosyinternational.com\/it\/cabine-armadio-su-misura-al-salone-del-mobile-di-milano\/#primaryimage"},"image":{"@id":"https:\/\/cosyinternational.com\/it\/cabine-armadio-su-misura-al-salone-del-mobile-di-milano\/#primaryimage"},"thumbnailUrl":"https:\/\/cosyinternational.com\/wp-content\/uploads\/2021\/10\/IMG_1837.jpg","datePublished":"2021-10-14T10:09:30+00:00","dateModified":"2023-04-17T19:49:44+00:00","description":"Il tradizionale appuntamento italiano dedicato al Design e all'Arredamento ha evidenziato la nuova tendenza del 2022: le Cabine Armadio su misura.","breadcrumb":{"@id":"https:\/\/cosyinternational.com\/it\/cabine-armadio-su-misura-al-salone-del-mobile-di-milano\/#breadcrumb"},"inLanguage":"it-IT","potentialAction":[{"@type":"ReadAction","target":["https:\/\/cosyinternational.com\/it\/cabine-armadio-su-misura-al-salone-del-mobile-di-milano\/"]}]},{"@type":"ImageObject","inLanguage":"it-IT","@id":"https:\/\/cosyinternational.com\/it\/cabine-armadio-su-misura-al-salone-del-mobile-di-milano\/#primaryimage","url":"https:\/\/cosyinternational.com\/wp-content\/uploads\/2021\/10\/IMG_1837.jpg","contentUrl":"https:\/\/cosyinternational.com\/wp-content\/uploads\/2021\/10\/IMG_1837.jpg","width":2400,"height":2000},{"@type":"BreadcrumbList","@id":"https:\/\/cosyinternational.com\/it\/cabine-armadio-su-misura-al-salone-del-mobile-di-milano\/#breadcrumb","itemListElement":[{"@type":"ListItem","position":1,"name":"Home","item":"https:\/\/cosyinternational.com\/it\/"},{"@type":"ListItem","position":2,"name":"Cabine Armadio su misura al Salone del Mobile di Milano: un trend emergente"}]},{"@type":"WebSite","@id":"https:\/\/cosyinternational.com\/it\/#website","url":"https:\/\/cosyinternational.com\/it\/","name":"COSY International","description":"Luxury Bespoke Wardrobes","publisher":{"@id":"https:\/\/cosyinternational.com\/it\/#organization"},"potentialAction":[{"@type":"SearchAction","target":{"@type":"EntryPoint","urlTemplate":"https:\/\/cosyinternational.com\/it\/?s={search_term_string}"},"query-input":"required name=search_term_string"}],"inLanguage":"it-IT"},{"@type":"Organization","@id":"https:\/\/cosyinternational.com\/it\/#organization","name":"COSY Srl","url":"https:\/\/cosyinternational.com\/it\/","logo":{"@type":"ImageObject","inLanguage":"it-IT","@id":"https:\/\/cosyinternational.com\/it\/#\/schema\/logo\/image\/","url":"https:\/\/cosyinternational.com\/wp-content\/uploads\/2023\/03\/Logo_Nero_V2_margine.png","contentUrl":"https:\/\/cosyinternational.com\/wp-content\/uploads\/2023\/03\/Logo_Nero_V2_margine.png","width":2392,"height":1155,"caption":"COSY Srl"},"image":{"@id":"https:\/\/cosyinternational.com\/it\/#\/schema\/logo\/image\/"},"sameAs":["https:\/\/www.facebook.com\/cosyinternational","https:\/\/www.instagram.com\/cosyinternational","https:\/\/it.linkedin.com\/company\/cosy-srl","https:\/\/www.youtube.com\/channel\/UC1FFm4YbQ-ViqzjCAQJ0uFQ\/videos","https:\/\/www.pinterest.it\/cosyinternational\/"]},{"@type":"Person","@id":"https:\/\/cosyinternational.com\/it\/#\/schema\/person\/bbaac503f58012a706dbfaedfbc1e3d0","name":"Staff Cosy International","image":{"@type":"ImageObject","inLanguage":"it-IT","@id":"https:\/\/cosyinternational.com\/it\/#\/schema\/person\/image\/","url":"https:\/\/secure.gravatar.com\/avatar\/39845de258004c0e92253ece7faf073b?s=96&d=mm&r=g","contentUrl":"https:\/\/secure.gravatar.com\/avatar\/39845de258004c0e92253ece7faf073b?s=96&d=mm&r=g","caption":"Staff Cosy International"},"url":"https:\/\/cosyinternational.com\/it\/author\/staff-cosy-international\/"}]}},"_links":{"self":[{"href":"https:\/\/cosyinternational.com\/it\/wp-json\/wp\/v2\/posts\/3309"}],"collection":[{"href":"https:\/\/cosyinternational.com\/it\/wp-json\/wp\/v2\/posts"}],"about":[{"href":"https:\/\/cosyinternational.com\/it\/wp-json\/wp\/v2\/types\/post"}],"author":[{"embeddable":true,"href":"https:\/\/cosyinternational.com\/it\/wp-json\/wp\/v2\/users\/3"}],"replies":[{"embeddable":true,"href":"https:\/\/cosyinternational.com\/it\/wp-json\/wp\/v2\/comments?post=3309"}],"version-history":[{"count":36,"href":"https:\/\/cosyinternational.com\/it\/wp-json\/wp\/v2\/posts\/3309\/revisions"}],"predecessor-version":[{"id":5686,"href":"https:\/\/cosyinternational.com\/it\/wp-json\/wp\/v2\/posts\/3309\/revisions\/5686"}],"wp:featuredmedia":[{"embeddable":true,"href":"https:\/\/cosyinternational.com\/it\/wp-json\/wp\/v2\/media\/3310"}],"wp:attachment":[{"href":"https:\/\/cosyinternational.com\/it\/wp-json\/wp\/v2\/media?parent=3309"}],"wp:term":[{"taxonomy":"category","embeddable":true,"href":"https:\/\/cosyinternational.com\/it\/wp-json\/wp\/v2\/categories?post=3309"},{"taxonomy":"post_tag","embeddable":true,"href":"https:\/\/cosyinternational.com\/it\/wp-json\/wp\/v2\/tags?post=3309"}],"curies":[{"name":"wp","href":"https:\/\/api.w.org\/{rel}","templated":true}]}}