{"id":4371,"date":"2022-08-04T14:26:31","date_gmt":"2022-08-04T14:26:31","guid":{"rendered":"https:\/\/cosyinternational.com\/?p=4371"},"modified":"2023-10-24T16:04:11","modified_gmt":"2023-10-24T14:04:11","slug":"il-design-di-arredamento-su-misura-sta-nei-dettagli-intervista-a-estorio","status":"publish","type":"post","link":"https:\/\/cosyinternational.com\/it\/il-design-di-arredamento-su-misura-sta-nei-dettagli-intervista-a-estorio\/","title":{"rendered":"Il design di arredamento su misura sta nei dettagli: intervista a Estorio"},"content":{"rendered":"<p>Il blog di Cosy diventa sempre pi\u00f9 internazionale!<br \/>\nDopo l\u2019<a href=\"https:\/\/cosyinternational.com\/it\/i-prossimi-trend-di-interior-design-intervista-a-7haus\/\">intervista a Chen I. Tal di 7Haus<\/a>, ci spostiamo dagli Stati Uniti all\u2019Europa, nello specifico in <b>Ungheria<\/b>, dove ha sede lo showroom di design di arredamento su misura di <b>Estorio<\/b>. I pi\u00f9 autorevoli brand internazionali selezionati da <b>Eszter Radn\u00f3czy<\/b> e dal suo studio, <b>este\u2019r partners<\/b>, vengono riuniti all\u2019interno del Teatro dell\u2019Opera di Budapest: una cornice prestigiosa per realt\u00e0 altrettanto prestigiose, che fanno dell\u2019arredo di lusso la loro missione di vita!<\/p>\n<p>Estorio e Cosy International hanno iniziato una preziosa collaborazione che li ha portati a lavorare insieme sul design di arredamento su misura<b> nel settore residenziale<\/b>, prestando particolare attenzione alle necessit\u00e0 e alle preferenze del cliente. Per questo non potevamo scegliere una persona migliore di Eszter Radn\u00f3czy per indagare su alcuni dettagli che riguardano l\u2019interior design, dalla scelta del materiale migliore a quei particolari a cui solamente un occhio esperto e attento presta attenzione, col fine di valorizzarli al meglio.<\/p>\n<p><img loading=\"lazy\" decoding=\"async\" class=\"alignnone size-full wp-image-4374\" src=\"https:\/\/cosyinternational.com\/wp-content\/uploads\/2022\/08\/estorio-design-di-arredamento-su-misura.jpg\" alt=\"estorio design di arredamento su misura\" width=\"1371\" height=\"1028\" srcset=\"https:\/\/cosyinternational.com\/wp-content\/uploads\/2022\/08\/estorio-design-di-arredamento-su-misura.jpg 1371w, https:\/\/cosyinternational.com\/wp-content\/uploads\/2022\/08\/estorio-design-di-arredamento-su-misura-300x225.jpg 300w, https:\/\/cosyinternational.com\/wp-content\/uploads\/2022\/08\/estorio-design-di-arredamento-su-misura-1024x768.jpg 1024w, https:\/\/cosyinternational.com\/wp-content\/uploads\/2022\/08\/estorio-design-di-arredamento-su-misura-768x576.jpg 768w, https:\/\/cosyinternational.com\/wp-content\/uploads\/2022\/08\/estorio-design-di-arredamento-su-misura-1116x837.jpg 1116w, https:\/\/cosyinternational.com\/wp-content\/uploads\/2022\/08\/estorio-design-di-arredamento-su-misura-806x604.jpg 806w, https:\/\/cosyinternational.com\/wp-content\/uploads\/2022\/08\/estorio-design-di-arredamento-su-misura-558x418.jpg 558w, https:\/\/cosyinternational.com\/wp-content\/uploads\/2022\/08\/estorio-design-di-arredamento-su-misura-655x491.jpg 655w\" sizes=\"(max-width: 1371px) 100vw, 1371px\" \/><b><\/b><\/p>\n<p>&nbsp;<\/p>\n<ol>\n<li><b><b>Buongiorno Eszter, grazie di essere nostra ospite all\u2019interno del blog di Cosy! Cominciamo con una semplice domanda: cosa differenzia Estorio dagli altri atelier che si occupano di design di arredamento su misura e a cosa presta maggior attenzione?<br \/>\n<\/b><\/b>Estorio \u00e8 uno showroom, uno spazio online e offline, creato secondo un nuovo concept. Il primo <em>showflat<\/em> di Estorio si trova a Budapest, proprio al Teatro dell&#8217;Opera. L&#8217;elegante appartamento funge da salone, luogo di incontro per brand, architetti, investitori immobiliari e per privati che amano il design ricercato. Estorio \u00e8 la casa di marchi di stilisti accuratamente selezionati.<br \/>\nL&#8217;essenza del concetto \u00e8 che la location e il design cambiano costantemente nello spazio e nel tempo, per mostrare sempre le caratteristiche lungimiranti e memorabili del mondo dell&#8217;interior design.<\/li>\n<li><b>Il buon design prevede la realizzazione di oggetti che siano sia belli che funzionali. Come si raggiunge questo delicato equilibrio, secondo Estorio?<br \/>\n<\/b>Estorio \u00e8 curato da me (Eszter Radn\u00f3czy n.d.r.) e dal mio studio este&#8217;r partners, sulla base di 17 anni di esperienza nell\u2019architettura, nell\u2019interior design e nella costruzione. Con queste competenze, abbiamo lanciato le nostre nuove attivit\u00e0 per fornire una linea di servizi a 360 gradi. Aiutiamo i nostri clienti a scegliere la location, progettare e realizzare l&#8217;appartamento in modo tale che creativit\u00e0, funzionalit\u00e0, dettagli e tecnologia si incontrino ad un alto livello. Il fatto che lo showroom sia uno spazio abitativo aiuta soprattutto a capire come la funzionalit\u00e0 e la bellezza possano convivere perfettamente.<\/li>\n<li><b><b>C\u2019\u00e8 un materiale che apprezzate usare particolarmente o che pensate debba essere sfruttato di pi\u00f9, in ambito di interior design?<br \/>\n<\/b><\/b>Naturalmente, tutto sta nei dettagli e nelle proporzioni. I materiali interni come alluminio, vetro e legno offrono numerose opportunit\u00e0 all\u2019arredo per diventare oggetto di design, soddisfacendo tutte le loro esigenze funzionali. Ad esempio, il <a href=\"https:\/\/cosyinternational.com\/it\/cabine-armadio-su-misura\/\">guardaroba di Cosy International<\/a> rispecchia bene questo approccio. L&#8217;armadio stesso \u00e8 un elemento divisorio, che \u00e8 un mobile leggero con struttura in metallo assemblato con precisione ingegneristica. I frontali in vetro contribuiscono alla sua leggerezza; possono essere trasparenti, fum\u00e8 o rivestiti con rete di rame a seconda delle esigenze.<br \/>\nInoltre, gli elementi interni in legno, i cassetti divisi, rivestiti in pregiato velluto e pelle firmati Flukso e Dutch Walltextile rendono l&#8217;armadio, abbinato a fantastici materiali, morbido ed estremamente elegante.\n<\/li>\n<li><b><b>\u201cIl diavolo \u00e8 nei dettagli\u201d, cos\u00ec si dice, e questo vale anche per il design di arredamento su misura. Qual \u00e8 quel dettaglio che rischia di essere trascurato dal cliente, ma al quale voi dedicate una particolare attenzione?<br \/>\n<\/b><\/b>Oltre ai precedenti, ritengo molto importante anche l&#8217;illuminazione. La moderna illuminazione a LED \u00e8 nascosta nelle strutture metalliche in modo tale da essere quasi impercettibile, ma illumina l&#8217;intero mobile in modo soffuso ed uniforme. Il controllo della luminosit\u00e0 \u00e8 anche uno dei capisaldi dell&#8217;effetto desiderato.<br \/>\nLa ricchezza dei dettagli nella lavorazione del legno e la sofisticata lavorazione del rivestimento rendono l&#8217;utilizzo dell&#8217;armadio un&#8217;esperienza.<\/li>\n<li><b><b>Quale particolare rende davvero esclusiva una cabina armadio di lusso, secondo la filosofia di Estorio?<br \/>\n<\/b><\/b>Il nuovo sistema guardaroba sviluppato da Estorio e Cozy International \u00e8 &#8220;Baldacchino&#8221;. Il concept su cui si basa questo elemento \u00e8 che la cabina armadio \u00e8 coperta e collegata da un pannello di illuminazione superiore. In questo modo, forma un&#8217;unica unit\u00e0, mettendo in risalto il progetto nel complesso. A breve verranno rilasciati ulteriori elementi di questa serie, che offrono soluzioni entusiasmanti per dividere grandi spazi e creare isole con un baldacchino.<\/li>\n<li><b>Chi desidera ammobiliare la propria casa con un arredamento su misura pu\u00f2 avanzare delle richieste peculiari, a volte anche assurde. Ci puoi raccontare un episodio che hai vissuto in prima persona con qualcuno dei tuoi clienti?<br \/>\n<\/b>C&#8217;\u00e8 una sfera molto ampia riguardo la creativit\u00e0 e le esigenze dei clienti.<br \/>\nMi piace molto quando un mobile o un armadio funzionale diventa un elemento architettonico anche grazie alla sua bellezza, ma \u00e8 ancora pi\u00f9 emozionante quando chi lo utilizza lo riempie di contenuti che sono un \u201cviaggio estetico\u201d. Abbiamo gi\u00e0 realizzato centinaia di armadi espositivi per scarpe da donna, che quasi corrispondevano a una mostra museale! <\/li>\n<\/ol>\n<p>&nbsp;<\/p>\n<p><b><img loading=\"lazy\" decoding=\"async\" class=\"alignnone size-full wp-image-4376\" src=\"https:\/\/cosyinternational.com\/wp-content\/uploads\/2022\/08\/design-di-arredamento-su-misura-estorio.jpg\" alt=\"design di arredamento su misura estorio\" width=\"1600\" height=\"1066\" srcset=\"https:\/\/cosyinternational.com\/wp-content\/uploads\/2022\/08\/design-di-arredamento-su-misura-estorio.jpg 1600w, https:\/\/cosyinternational.com\/wp-content\/uploads\/2022\/08\/design-di-arredamento-su-misura-estorio-300x200.jpg 300w, https:\/\/cosyinternational.com\/wp-content\/uploads\/2022\/08\/design-di-arredamento-su-misura-estorio-1024x682.jpg 1024w, https:\/\/cosyinternational.com\/wp-content\/uploads\/2022\/08\/design-di-arredamento-su-misura-estorio-768x512.jpg 768w, https:\/\/cosyinternational.com\/wp-content\/uploads\/2022\/08\/design-di-arredamento-su-misura-estorio-1536x1023.jpg 1536w, https:\/\/cosyinternational.com\/wp-content\/uploads\/2022\/08\/design-di-arredamento-su-misura-estorio-1116x744.jpg 1116w, https:\/\/cosyinternational.com\/wp-content\/uploads\/2022\/08\/design-di-arredamento-su-misura-estorio-806x537.jpg 806w, https:\/\/cosyinternational.com\/wp-content\/uploads\/2022\/08\/design-di-arredamento-su-misura-estorio-558x372.jpg 558w, https:\/\/cosyinternational.com\/wp-content\/uploads\/2022\/08\/design-di-arredamento-su-misura-estorio-655x436.jpg 655w\" sizes=\"(max-width: 1600px) 100vw, 1600px\" \/><\/b><\/p>\n<p>Ringraziamo Eszter Radn\u00f3czy per aver risposto alle nostre domande con osservazioni interessanti e stimolanti per tutti coloro che lavorano nel mondo del design di arredamento su misura e per chi aspira ad arredare la propria abitazione con pezzi unici di alta qualit\u00e0!<\/p>\n<p>Seguici sui nostri social (<a href=\"https:\/\/it.linkedin.com\/company\/cosy-srl\">LinkedIn<\/a>, <a href=\"https:\/\/www.instagram.com\/cosyinternational\/\">Instagram<\/a> e <a href=\"https:\/\/www.facebook.com\/cosyinternational\">Facebook<\/a>) per rimanere aggiornato sui progetti a cui lavoreremo insieme ad Estorio e su altre novit\u00e0 in materia di interior design di lusso. E, se l\u2019arredamento su misura \u00e8 la tua pi\u00f9 grande passione, iscriviti alla <a href=\"https:\/\/cosyinternational.com\/it\/brochure\/\">newsletter di Cosy International<\/a>: <i>discover Excellence, join our World!<\/i><\/p>\n","protected":false},"excerpt":{"rendered":"<p>Il blog di Cosy diventa sempre pi\u00f9 internazionale! Dopo l\u2019intervista a Chen I. Tal di 7Haus, ci spostiamo dagli Stati Uniti all\u2019Europa, nello specifico in Ungheria, dove ha sede lo showroom di design di arredamento su misura di Estorio. I pi\u00f9 autorevoli brand internazionali selezionati da Eszter Radn\u00f3czy e dal suo studio, este\u2019r partners, vengono&hellip;<\/p>\n","protected":false},"author":3,"featured_media":4372,"comment_status":"closed","ping_status":"closed","sticky":false,"template":"","format":"standard","meta":{"_acf_changed":false,"footnotes":""},"categories":[105],"tags":[33,80,96],"acf":[],"yoast_head":"<!-- This site is optimized with the Yoast SEO plugin v22.2 - https:\/\/yoast.com\/wordpress\/plugins\/seo\/ -->\n<title>Intervista a Estorio: i dettagli nel design di arredamento su misura<\/title>\n<meta name=\"description\" content=\"Oggi intervistiamo Eszter Radn\u00f3czy di Estorio per indagare su quanto i dettagli facciano la differenza nel design di arredamento su misura!\" \/>\n<meta name=\"robots\" content=\"index, follow, max-snippet:-1, max-image-preview:large, max-video-preview:-1\" \/>\n<link rel=\"canonical\" href=\"https:\/\/cosyinternational.com\/it\/il-design-di-arredamento-su-misura-sta-nei-dettagli-intervista-a-estorio\/\" \/>\n<meta property=\"og:locale\" content=\"it_IT\" \/>\n<meta property=\"og:type\" content=\"article\" \/>\n<meta property=\"og:title\" content=\"Intervista a Estorio: i dettagli nel design di arredamento su misura\" \/>\n<meta property=\"og:description\" content=\"Oggi intervistiamo Eszter Radn\u00f3czy di Estorio per indagare su quanto i dettagli facciano la differenza nel design di arredamento su misura!\" \/>\n<meta property=\"og:url\" content=\"https:\/\/cosyinternational.com\/it\/il-design-di-arredamento-su-misura-sta-nei-dettagli-intervista-a-estorio\/\" \/>\n<meta property=\"og:site_name\" content=\"Cosy International\" \/>\n<meta property=\"article:publisher\" content=\"https:\/\/www.facebook.com\/cosyinternational\" \/>\n<meta property=\"article:published_time\" content=\"2022-08-04T14:26:31+00:00\" \/>\n<meta property=\"article:modified_time\" content=\"2023-10-24T14:04:11+00:00\" \/>\n<meta property=\"og:image\" content=\"https:\/\/cosyinternational.com\/wp-content\/uploads\/2022\/08\/design-di-arredamento-su-misura.jpg\" \/>\n\t<meta property=\"og:image:width\" content=\"1600\" \/>\n\t<meta property=\"og:image:height\" content=\"1066\" \/>\n\t<meta property=\"og:image:type\" content=\"image\/jpeg\" \/>\n<meta name=\"author\" content=\"Staff Cosy International\" \/>\n<meta name=\"twitter:card\" content=\"summary_large_image\" \/>\n<meta name=\"twitter:label1\" content=\"Scritto da\" \/>\n\t<meta name=\"twitter:data1\" content=\"Staff Cosy International\" \/>\n\t<meta name=\"twitter:label2\" content=\"Tempo di lettura stimato\" \/>\n\t<meta name=\"twitter:data2\" content=\"6 minuti\" \/>\n<script type=\"application\/ld+json\" class=\"yoast-schema-graph\">{\"@context\":\"https:\/\/schema.org\",\"@graph\":[{\"@type\":\"Article\",\"@id\":\"https:\/\/cosyinternational.com\/it\/il-design-di-arredamento-su-misura-sta-nei-dettagli-intervista-a-estorio\/#article\",\"isPartOf\":{\"@id\":\"https:\/\/cosyinternational.com\/it\/il-design-di-arredamento-su-misura-sta-nei-dettagli-intervista-a-estorio\/\"},\"author\":{\"name\":\"Staff Cosy International\",\"@id\":\"https:\/\/cosyinternational.com\/it\/#\/schema\/person\/bbaac503f58012a706dbfaedfbc1e3d0\"},\"headline\":\"Il design di arredamento su misura sta nei dettagli: intervista a Estorio\",\"datePublished\":\"2022-08-04T14:26:31+00:00\",\"dateModified\":\"2023-10-24T14:04:11+00:00\",\"mainEntityOfPage\":{\"@id\":\"https:\/\/cosyinternational.com\/it\/il-design-di-arredamento-su-misura-sta-nei-dettagli-intervista-a-estorio\/\"},\"wordCount\":932,\"publisher\":{\"@id\":\"https:\/\/cosyinternational.com\/it\/#organization\"},\"image\":{\"@id\":\"https:\/\/cosyinternational.com\/it\/il-design-di-arredamento-su-misura-sta-nei-dettagli-intervista-a-estorio\/#primaryimage\"},\"thumbnailUrl\":\"https:\/\/cosyinternational.com\/wp-content\/uploads\/2022\/08\/design-di-arredamento-su-misura.jpg\",\"keywords\":[\"Arredamento su misura\",\"design d'interni\",\"intervista al designer\"],\"articleSection\":[\"Stili e Tendenze di Interior Design\"],\"inLanguage\":\"it-IT\"},{\"@type\":\"WebPage\",\"@id\":\"https:\/\/cosyinternational.com\/it\/il-design-di-arredamento-su-misura-sta-nei-dettagli-intervista-a-estorio\/\",\"url\":\"https:\/\/cosyinternational.com\/it\/il-design-di-arredamento-su-misura-sta-nei-dettagli-intervista-a-estorio\/\",\"name\":\"Intervista a Estorio: i dettagli nel design di arredamento su misura\",\"isPartOf\":{\"@id\":\"https:\/\/cosyinternational.com\/it\/#website\"},\"primaryImageOfPage\":{\"@id\":\"https:\/\/cosyinternational.com\/it\/il-design-di-arredamento-su-misura-sta-nei-dettagli-intervista-a-estorio\/#primaryimage\"},\"image\":{\"@id\":\"https:\/\/cosyinternational.com\/it\/il-design-di-arredamento-su-misura-sta-nei-dettagli-intervista-a-estorio\/#primaryimage\"},\"thumbnailUrl\":\"https:\/\/cosyinternational.com\/wp-content\/uploads\/2022\/08\/design-di-arredamento-su-misura.jpg\",\"datePublished\":\"2022-08-04T14:26:31+00:00\",\"dateModified\":\"2023-10-24T14:04:11+00:00\",\"description\":\"Oggi intervistiamo Eszter Radn\u00f3czy di Estorio per indagare su quanto i dettagli facciano la differenza nel design di arredamento su misura!\",\"breadcrumb\":{\"@id\":\"https:\/\/cosyinternational.com\/it\/il-design-di-arredamento-su-misura-sta-nei-dettagli-intervista-a-estorio\/#breadcrumb\"},\"inLanguage\":\"it-IT\",\"potentialAction\":[{\"@type\":\"ReadAction\",\"target\":[\"https:\/\/cosyinternational.com\/it\/il-design-di-arredamento-su-misura-sta-nei-dettagli-intervista-a-estorio\/\"]}]},{\"@type\":\"ImageObject\",\"inLanguage\":\"it-IT\",\"@id\":\"https:\/\/cosyinternational.com\/it\/il-design-di-arredamento-su-misura-sta-nei-dettagli-intervista-a-estorio\/#primaryimage\",\"url\":\"https:\/\/cosyinternational.com\/wp-content\/uploads\/2022\/08\/design-di-arredamento-su-misura.jpg\",\"contentUrl\":\"https:\/\/cosyinternational.com\/wp-content\/uploads\/2022\/08\/design-di-arredamento-su-misura.jpg\",\"width\":1600,\"height\":1066,\"caption\":\"design di arredamento su misura\"},{\"@type\":\"BreadcrumbList\",\"@id\":\"https:\/\/cosyinternational.com\/it\/il-design-di-arredamento-su-misura-sta-nei-dettagli-intervista-a-estorio\/#breadcrumb\",\"itemListElement\":[{\"@type\":\"ListItem\",\"position\":1,\"name\":\"Home\",\"item\":\"https:\/\/cosyinternational.com\/it\/\"},{\"@type\":\"ListItem\",\"position\":2,\"name\":\"Il design di arredamento su misura sta nei dettagli: intervista a Estorio\"}]},{\"@type\":\"WebSite\",\"@id\":\"https:\/\/cosyinternational.com\/it\/#website\",\"url\":\"https:\/\/cosyinternational.com\/it\/\",\"name\":\"COSY International\",\"description\":\"Luxury Bespoke Wardrobes\",\"publisher\":{\"@id\":\"https:\/\/cosyinternational.com\/it\/#organization\"},\"potentialAction\":[{\"@type\":\"SearchAction\",\"target\":{\"@type\":\"EntryPoint\",\"urlTemplate\":\"https:\/\/cosyinternational.com\/it\/?s={search_term_string}\"},\"query-input\":\"required name=search_term_string\"}],\"inLanguage\":\"it-IT\"},{\"@type\":\"Organization\",\"@id\":\"https:\/\/cosyinternational.com\/it\/#organization\",\"name\":\"COSY Srl\",\"url\":\"https:\/\/cosyinternational.com\/it\/\",\"logo\":{\"@type\":\"ImageObject\",\"inLanguage\":\"it-IT\",\"@id\":\"https:\/\/cosyinternational.com\/it\/#\/schema\/logo\/image\/\",\"url\":\"https:\/\/cosyinternational.com\/wp-content\/uploads\/2023\/03\/Logo_Nero_V2_margine.png\",\"contentUrl\":\"https:\/\/cosyinternational.com\/wp-content\/uploads\/2023\/03\/Logo_Nero_V2_margine.png\",\"width\":2392,\"height\":1155,\"caption\":\"COSY Srl\"},\"image\":{\"@id\":\"https:\/\/cosyinternational.com\/it\/#\/schema\/logo\/image\/\"},\"sameAs\":[\"https:\/\/www.facebook.com\/cosyinternational\",\"https:\/\/www.instagram.com\/cosyinternational\",\"https:\/\/it.linkedin.com\/company\/cosy-srl\",\"https:\/\/www.youtube.com\/channel\/UC1FFm4YbQ-ViqzjCAQJ0uFQ\/videos\",\"https:\/\/www.pinterest.it\/cosyinternational\/\"]},{\"@type\":\"Person\",\"@id\":\"https:\/\/cosyinternational.com\/it\/#\/schema\/person\/bbaac503f58012a706dbfaedfbc1e3d0\",\"name\":\"Staff Cosy International\",\"image\":{\"@type\":\"ImageObject\",\"inLanguage\":\"it-IT\",\"@id\":\"https:\/\/cosyinternational.com\/it\/#\/schema\/person\/image\/\",\"url\":\"https:\/\/secure.gravatar.com\/avatar\/39845de258004c0e92253ece7faf073b?s=96&d=mm&r=g\",\"contentUrl\":\"https:\/\/secure.gravatar.com\/avatar\/39845de258004c0e92253ece7faf073b?s=96&d=mm&r=g\",\"caption\":\"Staff Cosy International\"},\"url\":\"https:\/\/cosyinternational.com\/it\/author\/staff-cosy-international\/\"}]}<\/script>\n<!-- \/ Yoast SEO plugin. -->","yoast_head_json":{"title":"Intervista a Estorio: i dettagli nel design di arredamento su misura","description":"Oggi intervistiamo Eszter Radn\u00f3czy di Estorio per indagare su quanto i dettagli facciano la differenza nel design di arredamento su misura!","robots":{"index":"index","follow":"follow","max-snippet":"max-snippet:-1","max-image-preview":"max-image-preview:large","max-video-preview":"max-video-preview:-1"},"canonical":"https:\/\/cosyinternational.com\/it\/il-design-di-arredamento-su-misura-sta-nei-dettagli-intervista-a-estorio\/","og_locale":"it_IT","og_type":"article","og_title":"Intervista a Estorio: i dettagli nel design di arredamento su misura","og_description":"Oggi intervistiamo Eszter Radn\u00f3czy di Estorio per indagare su quanto i dettagli facciano la differenza nel design di arredamento su misura!","og_url":"https:\/\/cosyinternational.com\/it\/il-design-di-arredamento-su-misura-sta-nei-dettagli-intervista-a-estorio\/","og_site_name":"Cosy International","article_publisher":"https:\/\/www.facebook.com\/cosyinternational","article_published_time":"2022-08-04T14:26:31+00:00","article_modified_time":"2023-10-24T14:04:11+00:00","og_image":[{"width":1600,"height":1066,"url":"https:\/\/cosyinternational.com\/wp-content\/uploads\/2022\/08\/design-di-arredamento-su-misura.jpg","type":"image\/jpeg"}],"author":"Staff Cosy International","twitter_card":"summary_large_image","twitter_misc":{"Scritto da":"Staff Cosy International","Tempo di lettura stimato":"6 minuti"},"schema":{"@context":"https:\/\/schema.org","@graph":[{"@type":"Article","@id":"https:\/\/cosyinternational.com\/it\/il-design-di-arredamento-su-misura-sta-nei-dettagli-intervista-a-estorio\/#article","isPartOf":{"@id":"https:\/\/cosyinternational.com\/it\/il-design-di-arredamento-su-misura-sta-nei-dettagli-intervista-a-estorio\/"},"author":{"name":"Staff Cosy International","@id":"https:\/\/cosyinternational.com\/it\/#\/schema\/person\/bbaac503f58012a706dbfaedfbc1e3d0"},"headline":"Il design di arredamento su misura sta nei dettagli: intervista a Estorio","datePublished":"2022-08-04T14:26:31+00:00","dateModified":"2023-10-24T14:04:11+00:00","mainEntityOfPage":{"@id":"https:\/\/cosyinternational.com\/it\/il-design-di-arredamento-su-misura-sta-nei-dettagli-intervista-a-estorio\/"},"wordCount":932,"publisher":{"@id":"https:\/\/cosyinternational.com\/it\/#organization"},"image":{"@id":"https:\/\/cosyinternational.com\/it\/il-design-di-arredamento-su-misura-sta-nei-dettagli-intervista-a-estorio\/#primaryimage"},"thumbnailUrl":"https:\/\/cosyinternational.com\/wp-content\/uploads\/2022\/08\/design-di-arredamento-su-misura.jpg","keywords":["Arredamento su misura","design d'interni","intervista al designer"],"articleSection":["Stili e Tendenze di Interior Design"],"inLanguage":"it-IT"},{"@type":"WebPage","@id":"https:\/\/cosyinternational.com\/it\/il-design-di-arredamento-su-misura-sta-nei-dettagli-intervista-a-estorio\/","url":"https:\/\/cosyinternational.com\/it\/il-design-di-arredamento-su-misura-sta-nei-dettagli-intervista-a-estorio\/","name":"Intervista a Estorio: i dettagli nel design di arredamento su misura","isPartOf":{"@id":"https:\/\/cosyinternational.com\/it\/#website"},"primaryImageOfPage":{"@id":"https:\/\/cosyinternational.com\/it\/il-design-di-arredamento-su-misura-sta-nei-dettagli-intervista-a-estorio\/#primaryimage"},"image":{"@id":"https:\/\/cosyinternational.com\/it\/il-design-di-arredamento-su-misura-sta-nei-dettagli-intervista-a-estorio\/#primaryimage"},"thumbnailUrl":"https:\/\/cosyinternational.com\/wp-content\/uploads\/2022\/08\/design-di-arredamento-su-misura.jpg","datePublished":"2022-08-04T14:26:31+00:00","dateModified":"2023-10-24T14:04:11+00:00","description":"Oggi intervistiamo Eszter Radn\u00f3czy di Estorio per indagare su quanto i dettagli facciano la differenza nel design di arredamento su misura!","breadcrumb":{"@id":"https:\/\/cosyinternational.com\/it\/il-design-di-arredamento-su-misura-sta-nei-dettagli-intervista-a-estorio\/#breadcrumb"},"inLanguage":"it-IT","potentialAction":[{"@type":"ReadAction","target":["https:\/\/cosyinternational.com\/it\/il-design-di-arredamento-su-misura-sta-nei-dettagli-intervista-a-estorio\/"]}]},{"@type":"ImageObject","inLanguage":"it-IT","@id":"https:\/\/cosyinternational.com\/it\/il-design-di-arredamento-su-misura-sta-nei-dettagli-intervista-a-estorio\/#primaryimage","url":"https:\/\/cosyinternational.com\/wp-content\/uploads\/2022\/08\/design-di-arredamento-su-misura.jpg","contentUrl":"https:\/\/cosyinternational.com\/wp-content\/uploads\/2022\/08\/design-di-arredamento-su-misura.jpg","width":1600,"height":1066,"caption":"design di arredamento su misura"},{"@type":"BreadcrumbList","@id":"https:\/\/cosyinternational.com\/it\/il-design-di-arredamento-su-misura-sta-nei-dettagli-intervista-a-estorio\/#breadcrumb","itemListElement":[{"@type":"ListItem","position":1,"name":"Home","item":"https:\/\/cosyinternational.com\/it\/"},{"@type":"ListItem","position":2,"name":"Il design di arredamento su misura sta nei dettagli: intervista a Estorio"}]},{"@type":"WebSite","@id":"https:\/\/cosyinternational.com\/it\/#website","url":"https:\/\/cosyinternational.com\/it\/","name":"COSY International","description":"Luxury Bespoke Wardrobes","publisher":{"@id":"https:\/\/cosyinternational.com\/it\/#organization"},"potentialAction":[{"@type":"SearchAction","target":{"@type":"EntryPoint","urlTemplate":"https:\/\/cosyinternational.com\/it\/?s={search_term_string}"},"query-input":"required name=search_term_string"}],"inLanguage":"it-IT"},{"@type":"Organization","@id":"https:\/\/cosyinternational.com\/it\/#organization","name":"COSY Srl","url":"https:\/\/cosyinternational.com\/it\/","logo":{"@type":"ImageObject","inLanguage":"it-IT","@id":"https:\/\/cosyinternational.com\/it\/#\/schema\/logo\/image\/","url":"https:\/\/cosyinternational.com\/wp-content\/uploads\/2023\/03\/Logo_Nero_V2_margine.png","contentUrl":"https:\/\/cosyinternational.com\/wp-content\/uploads\/2023\/03\/Logo_Nero_V2_margine.png","width":2392,"height":1155,"caption":"COSY Srl"},"image":{"@id":"https:\/\/cosyinternational.com\/it\/#\/schema\/logo\/image\/"},"sameAs":["https:\/\/www.facebook.com\/cosyinternational","https:\/\/www.instagram.com\/cosyinternational","https:\/\/it.linkedin.com\/company\/cosy-srl","https:\/\/www.youtube.com\/channel\/UC1FFm4YbQ-ViqzjCAQJ0uFQ\/videos","https:\/\/www.pinterest.it\/cosyinternational\/"]},{"@type":"Person","@id":"https:\/\/cosyinternational.com\/it\/#\/schema\/person\/bbaac503f58012a706dbfaedfbc1e3d0","name":"Staff Cosy International","image":{"@type":"ImageObject","inLanguage":"it-IT","@id":"https:\/\/cosyinternational.com\/it\/#\/schema\/person\/image\/","url":"https:\/\/secure.gravatar.com\/avatar\/39845de258004c0e92253ece7faf073b?s=96&d=mm&r=g","contentUrl":"https:\/\/secure.gravatar.com\/avatar\/39845de258004c0e92253ece7faf073b?s=96&d=mm&r=g","caption":"Staff Cosy International"},"url":"https:\/\/cosyinternational.com\/it\/author\/staff-cosy-international\/"}]}},"_links":{"self":[{"href":"https:\/\/cosyinternational.com\/it\/wp-json\/wp\/v2\/posts\/4371"}],"collection":[{"href":"https:\/\/cosyinternational.com\/it\/wp-json\/wp\/v2\/posts"}],"about":[{"href":"https:\/\/cosyinternational.com\/it\/wp-json\/wp\/v2\/types\/post"}],"author":[{"embeddable":true,"href":"https:\/\/cosyinternational.com\/it\/wp-json\/wp\/v2\/users\/3"}],"replies":[{"embeddable":true,"href":"https:\/\/cosyinternational.com\/it\/wp-json\/wp\/v2\/comments?post=4371"}],"version-history":[{"count":11,"href":"https:\/\/cosyinternational.com\/it\/wp-json\/wp\/v2\/posts\/4371\/revisions"}],"predecessor-version":[{"id":5673,"href":"https:\/\/cosyinternational.com\/it\/wp-json\/wp\/v2\/posts\/4371\/revisions\/5673"}],"wp:featuredmedia":[{"embeddable":true,"href":"https:\/\/cosyinternational.com\/it\/wp-json\/wp\/v2\/media\/4372"}],"wp:attachment":[{"href":"https:\/\/cosyinternational.com\/it\/wp-json\/wp\/v2\/media?parent=4371"}],"wp:term":[{"taxonomy":"category","embeddable":true,"href":"https:\/\/cosyinternational.com\/it\/wp-json\/wp\/v2\/categories?post=4371"},{"taxonomy":"post_tag","embeddable":true,"href":"https:\/\/cosyinternational.com\/it\/wp-json\/wp\/v2\/tags?post=4371"}],"curies":[{"name":"wp","href":"https:\/\/api.w.org\/{rel}","templated":true}]}}