{"id":4388,"date":"2022-08-10T09:56:03","date_gmt":"2022-08-10T09:56:03","guid":{"rendered":"https:\/\/cosyinternational.com\/?p=4388"},"modified":"2023-10-25T17:45:25","modified_gmt":"2023-10-25T15:45:25","slug":"armadi-su-misura-o-cabine-armadio-questa-e-la-domanda-ecco-la-risposta","status":"publish","type":"post","link":"https:\/\/cosyinternational.com\/it\/armadi-su-misura-o-cabine-armadio-questa-e-la-domanda-ecco-la-risposta\/","title":{"rendered":"Armadi su misura o cabine armadio? Questa \u00e8 la domanda\u2026 ecco la risposta!"},"content":{"rendered":"<p>Un classico armadio ad ante, studiato ad hoc per la tua camera da letto, o un\u2019intera stanza da arredare a cabina armadio? Non esiste una risposta univoca per tutti: quando si tratta di <b>arredamento su misura<\/b>, del resto, la soluzione migliore \u00e8 quella che rispecchia perfettamente i tuoi bisogni e le tue preferenze in fatto di stile, ed \u00e8 questa la sua pi\u00f9 grande forza. Per questo una cabina armadio non \u00e8 migliore a priori di un guardaroba (o viceversa): la risposta dipende dalla struttura della tua abitazione e dal tuo stile di vita.<\/p>\n<p>Come scegliere quindi tra un guardaroba \u201ctradizionale\u201d e una <a href=\"https:\/\/cosyinternational.com\/it\/cabine-armadio-su-misura\/\">cabina armadio<\/a>? \u00c8 sufficiente fare un paio di riflessioni verso la giusta direzione: non ti preoccupare, ti guideremo noi in questo articolo!<\/p>\n<p>Partiamo dalle basi\u2026<\/p>\n<h2>Che differenza c\u2019\u00e8 tra armadio e cabina armadio?<\/h2>\n<p><img loading=\"lazy\" decoding=\"async\" class=\"alignnone size-full wp-image-4392\" src=\"https:\/\/cosyinternational.com\/wp-content\/uploads\/2022\/08\/che-differenza-ce-tra-armadio-e-cabina-armadio.jpg\" alt=\"che differenza c'\u00e8 tra armadio e cabina armadio\" width=\"1920\" height=\"1080\" srcset=\"https:\/\/cosyinternational.com\/wp-content\/uploads\/2022\/08\/che-differenza-ce-tra-armadio-e-cabina-armadio.jpg 1920w, https:\/\/cosyinternational.com\/wp-content\/uploads\/2022\/08\/che-differenza-ce-tra-armadio-e-cabina-armadio-300x169.jpg 300w, https:\/\/cosyinternational.com\/wp-content\/uploads\/2022\/08\/che-differenza-ce-tra-armadio-e-cabina-armadio-1024x576.jpg 1024w, https:\/\/cosyinternational.com\/wp-content\/uploads\/2022\/08\/che-differenza-ce-tra-armadio-e-cabina-armadio-768x432.jpg 768w, https:\/\/cosyinternational.com\/wp-content\/uploads\/2022\/08\/che-differenza-ce-tra-armadio-e-cabina-armadio-1536x864.jpg 1536w, https:\/\/cosyinternational.com\/wp-content\/uploads\/2022\/08\/che-differenza-ce-tra-armadio-e-cabina-armadio-1612x907.jpg 1612w, https:\/\/cosyinternational.com\/wp-content\/uploads\/2022\/08\/che-differenza-ce-tra-armadio-e-cabina-armadio-1116x628.jpg 1116w, https:\/\/cosyinternational.com\/wp-content\/uploads\/2022\/08\/che-differenza-ce-tra-armadio-e-cabina-armadio-806x453.jpg 806w, https:\/\/cosyinternational.com\/wp-content\/uploads\/2022\/08\/che-differenza-ce-tra-armadio-e-cabina-armadio-558x314.jpg 558w, https:\/\/cosyinternational.com\/wp-content\/uploads\/2022\/08\/che-differenza-ce-tra-armadio-e-cabina-armadio-655x368.jpg 655w\" sizes=\"(max-width: 1920px) 100vw, 1920px\" \/><\/p>\n<p>Quando pensiamo ad un mobile generico, solitamente l\u2019armadio \u00e8 il primo che ci viene in mente: un sistema organizzato in ante, ripiani e cassetti, utilizzato per conservare vestiti, accessori e ogni altro genere di oggetti, a discrezione del proprietario. Si tratta di un oggetto d\u2019arredo senza tempo, in uso gi\u00e0 all\u2019epoca di Alessandro il Grande e dei Romani (che lo chiamavano \u201carm\u00e0rium\u201d, ossia \u201cluogo per tenere le armi\u201d), ma armadi pi\u00f9 simili a quelli che usiamo oggi si diffusero a partire dal Rinascimento.<\/p>\n<p>Gli armadi su misura possono diventare vere e proprie <b>opere d\u2019alto artigianato<\/b>, capaci di rispecchiare la personalit\u00e0 di chi lo usa e di creare un ambiente curato e ben studiato, in cui i materiali e i singoli elementi del guardaroba richiamano il resto dell\u2019arredamento.<\/p>\n<p>La differenza pi\u00f9 evidente tra un classico armadio e una cabina armadio sta nel fatto che quest\u2019ultima \u00e8 una vera e propria stanza in cui \u00e8 possibile muoversi e camminare (non a caso in inglese si chiama \u201cwalk-in closet\u201d). Questa stanza pu\u00f2 essere allestita a sua volta da armadi (di solito senza ante), oltre che da ripiani, cassetti, specchi, poltrone\u2026 A volte, se lo spazio della cabina armadio lo consente, anche da una zona bagno!<\/p>\n<p>\u201c<b>Spazio<\/b>\u201d, questo \u00e8 un concetto fondamentale da tenere in considerazione quando devi scegliere tra l\u2019installazione di un armadio o di una cabina armadio: banalmente, se l\u2019abitazione non dispone di sufficientemente spazio per una stanza adibita a cabina armadio, il problema non si pone nemmeno e sar\u00e0 necessario ripiegare su un guardaroba (senza troppi dispiaceri, comunque: i guardaroba su misura di lusso, quando pensati appositamente per te e la tua camera da letto, soddisfano anche il pi\u00f9 severo dei clienti). Tuttavia, non \u00e8 l\u2019unica variabile in gioco!<\/p>\n<h2>Armadi su misura: un must intramontabile (e versatile)<\/h2>\n<p><img loading=\"lazy\" decoding=\"async\" class=\"alignnone size-full wp-image-4394\" src=\"https:\/\/cosyinternational.com\/wp-content\/uploads\/2022\/08\/guardaroba-su-misura.jpg\" alt=\"guardaroba su misura\" width=\"1116\" height=\"670\" srcset=\"https:\/\/cosyinternational.com\/wp-content\/uploads\/2022\/08\/guardaroba-su-misura.jpg 1116w, https:\/\/cosyinternational.com\/wp-content\/uploads\/2022\/08\/guardaroba-su-misura-300x180.jpg 300w, https:\/\/cosyinternational.com\/wp-content\/uploads\/2022\/08\/guardaroba-su-misura-1024x615.jpg 1024w, https:\/\/cosyinternational.com\/wp-content\/uploads\/2022\/08\/guardaroba-su-misura-768x461.jpg 768w, https:\/\/cosyinternational.com\/wp-content\/uploads\/2022\/08\/guardaroba-su-misura-806x484.jpg 806w, https:\/\/cosyinternational.com\/wp-content\/uploads\/2022\/08\/guardaroba-su-misura-558x335.jpg 558w, https:\/\/cosyinternational.com\/wp-content\/uploads\/2022\/08\/guardaroba-su-misura-655x393.jpg 655w\" sizes=\"(max-width: 1116px) 100vw, 1116px\" \/><\/p>\n<p>Il tradizionale armadio ad ante non passa mai di moda, proprio come i veri classici: oltre ad essere la scelta migliore per chi non ha abbastanza spazio per una cabina armadio dignitosa, \u00e8 l\u2019opzione preferita da chi necessita di un <b>sistema personalizzato di <\/b><b><i>storage<\/i><\/b> non solo nella zona notte ma anche in altre stanze della casa.<\/p>\n<p>L\u2019armadio \u00e8 inoltre un elemento d\u2019arredo con una duplice funzione:<\/p>\n<ul>\n<li style=\"font-weight: 400;\" aria-level=\"1\"><b>pratica<\/b>: il guardaroba non \u00e8 dispersivo e aiuta ad organizzare in modo preciso i propri averi, senza correre il rischio di perdersi tra montagne di vestiti e accessori. In pi\u00f9, se non ti piace l\u2019idea di avere i vestiti in vista (vuoi per motivi estetici, vuoi perch\u00e9 vorresti evitare la polvere il pi\u00f9 possibile), orientati verso armadi su misura con ante.<\/li>\n<li style=\"font-weight: 400;\" aria-level=\"1\"><b>decorativa<\/b>: chi in un progetto di interior design apprezza soprattutto l\u2019attenzione ai dettagli, non potr\u00e0 fare a meno di ammirare il modo in cui i colori,i materiali, le maniglie e le finiture di un armadio si integrano con il resto dell\u2019arredamento.<\/li>\n<\/ul>\n<h3>Pi\u00f9 spazio per le potenzialit\u00e0 della tua abitazione<\/h3>\n<p><img loading=\"lazy\" decoding=\"async\" class=\"alignnone size-full wp-image-4396\" src=\"https:\/\/cosyinternational.com\/wp-content\/uploads\/2022\/08\/armadi-su-misura.jpg\" alt=\"armadi su misura\" width=\"1116\" height=\"670\" srcset=\"https:\/\/cosyinternational.com\/wp-content\/uploads\/2022\/08\/armadi-su-misura.jpg 1116w, https:\/\/cosyinternational.com\/wp-content\/uploads\/2022\/08\/armadi-su-misura-300x180.jpg 300w, https:\/\/cosyinternational.com\/wp-content\/uploads\/2022\/08\/armadi-su-misura-1024x615.jpg 1024w, https:\/\/cosyinternational.com\/wp-content\/uploads\/2022\/08\/armadi-su-misura-768x461.jpg 768w, https:\/\/cosyinternational.com\/wp-content\/uploads\/2022\/08\/armadi-su-misura-806x484.jpg 806w, https:\/\/cosyinternational.com\/wp-content\/uploads\/2022\/08\/armadi-su-misura-558x335.jpg 558w, https:\/\/cosyinternational.com\/wp-content\/uploads\/2022\/08\/armadi-su-misura-655x393.jpg 655w\" sizes=\"(max-width: 1116px) 100vw, 1116px\" \/><\/p>\n<p>Partiamo invece dal presupposto che tu abbia una stanza che potrebbe diventare una perfetta cabina armadio. Automaticamente \u00e8 questa la soluzione migliore per te? Non necessariamente.<\/p>\n<p>Non a tutti piace l\u2019idea di avere una cabina armadio e i motivi possono essere diversi: preferiresti dedicare quella stanza in pi\u00f9 a qualcos\u2019altro (magari ad una delle tue passioni o hobby), o magari apprezzi di pi\u00f9 uno <b>stile di<\/b> <b>arredamento essenziale e minimalista<\/b>.<\/p>\n<p>Qualsiasi sia la tua ragione, preferendo gli armadi su misura ad una cabina armadio terrai libera una stanza ricca di potenzialit\u00e0, che potrai usare per altro che non sia la conservazione di vestiti, accessori e altri oggetti che possono perfettamente restare in ordine all\u2019interno di un armadio chiuso.<\/p>\n<h2>La cabina armadio: una stanza tutta per s\u00e9\u2026 e i propri averi<\/h2>\n<p><img loading=\"lazy\" decoding=\"async\" class=\"alignnone size-full wp-image-4398\" src=\"https:\/\/cosyinternational.com\/wp-content\/uploads\/2022\/08\/cabina-armadio-su-misura.jpeg\" alt=\"cabina armadio su misura\" width=\"1116\" height=\"730\" srcset=\"https:\/\/cosyinternational.com\/wp-content\/uploads\/2022\/08\/cabina-armadio-su-misura.jpeg 1116w, https:\/\/cosyinternational.com\/wp-content\/uploads\/2022\/08\/cabina-armadio-su-misura-300x196.jpeg 300w, https:\/\/cosyinternational.com\/wp-content\/uploads\/2022\/08\/cabina-armadio-su-misura-1024x670.jpeg 1024w, https:\/\/cosyinternational.com\/wp-content\/uploads\/2022\/08\/cabina-armadio-su-misura-768x502.jpeg 768w, https:\/\/cosyinternational.com\/wp-content\/uploads\/2022\/08\/cabina-armadio-su-misura-806x527.jpeg 806w, https:\/\/cosyinternational.com\/wp-content\/uploads\/2022\/08\/cabina-armadio-su-misura-558x365.jpeg 558w, https:\/\/cosyinternational.com\/wp-content\/uploads\/2022\/08\/cabina-armadio-su-misura-655x428.jpeg 655w\" sizes=\"(max-width: 1116px) 100vw, 1116px\" \/><\/p>\n<p>\u00c8 intuitivo pensare ai vantaggi di una cabina armadio su misura, vantaggi che comprendono aspetti sia pratici che estetici. Prima di tutto, la cabina armadio permette banalmente di <b>organizzare i propri beni in uno spazio maggiore<\/b>, pensato appositamente per loro. Vestiti, gioielli, accessori, scarpe, borse\u2026 Ogni categoria di oggetti trova il proprio posto, creando un <b>impatto visivo<\/b> non indifferente.<\/p>\n<p>La cabina armadio su misura, inoltre, viene incontro alle necessit\u00e0 di chiunque: vanta un\u2019<b>elevata possibilit\u00e0 di personalizzazione<\/b> in fase di progettazione, ma \u00e8 facilmente modificabile anche in seguito, andando a pari passo con l\u2019<b>evoluzione dei tuoi bisogni e preferenze<\/b>. Armadi con e senza ante, cassettiere, specchi, ripiani, pannelli, pali in alluminio\u2026 Questi e altri elementi possono essere modificati, spostati, aggiunti o eliminati facilmente, permettendo di riorganizzare la cabina armadio in qualsiasi momento.<\/p>\n<p>Poi magari, osservando la tua camera da letto, ti ha attraversato pi\u00f9 volte il pensiero che quella stanza potrebbe solo migliorare, se solo il sistema guardaroba, per quanto bello, non ingombrasse a tal punto da rubare molto dello spazio a disposizione. Dedicare alla cabina armadio una stanza a parte ti permetter\u00e0 anche di godere maggiormente della tua camera da letto, \u201cliberandola\u201d dal peso di un guardaroba tradizionale.<\/p>\n<h3>Una stanza che non fa solo da armadio<\/h3>\n<p><img loading=\"lazy\" decoding=\"async\" class=\"alignnone size-full wp-image-4400\" src=\"https:\/\/cosyinternational.com\/wp-content\/uploads\/2022\/08\/cabina-armadio-personalizzata.jpg\" alt=\"cabina armadio personalizzata\" width=\"1116\" height=\"670\" srcset=\"https:\/\/cosyinternational.com\/wp-content\/uploads\/2022\/08\/cabina-armadio-personalizzata.jpg 1116w, https:\/\/cosyinternational.com\/wp-content\/uploads\/2022\/08\/cabina-armadio-personalizzata-300x180.jpg 300w, https:\/\/cosyinternational.com\/wp-content\/uploads\/2022\/08\/cabina-armadio-personalizzata-1024x615.jpg 1024w, https:\/\/cosyinternational.com\/wp-content\/uploads\/2022\/08\/cabina-armadio-personalizzata-768x461.jpg 768w, https:\/\/cosyinternational.com\/wp-content\/uploads\/2022\/08\/cabina-armadio-personalizzata-806x484.jpg 806w, https:\/\/cosyinternational.com\/wp-content\/uploads\/2022\/08\/cabina-armadio-personalizzata-558x335.jpg 558w, https:\/\/cosyinternational.com\/wp-content\/uploads\/2022\/08\/cabina-armadio-personalizzata-655x393.jpg 655w\" sizes=\"(max-width: 1116px) 100vw, 1116px\" \/><\/p>\n<p>La cabina armadio su misura non \u00e8 semplicemente una camera adibita a guardaroba, ma pu\u00f2 soddisfare altre tue esigenze. Qualche esempio: la cabina armadio pu\u00f2 diventare il tuo <b>camerino personale<\/b>, dove poter cambiarti e rivestirti in tranquillit\u00e0 e in totale privacy, oppure pu\u00f2 includere un\u2019<b>area trucco-e-parrucco<\/b> che altrimenti sarebbe stata nella sala da bagno. Inoltre nulla ti impedisce di rendere la tua cabina armadio ancora pi\u00f9 accogliente, aggiungendo poltrone, cuscini, persino un divano\u2026 Insomma, lo spazio della cabina armadio \u00e8 tuo e puoi gestirlo come meglio credi!<\/p>\n<h2>Per riassumere: guardaroba o cabina armadio?<\/h2>\n<h4>Prediligi gli armadi su misura se\u2026<\/h4>\n<ul>\n<li style=\"font-weight: 400;\" aria-level=\"1\">non hai abbastanza spazio da dedicare ad una cabina armadio<\/li>\n<li style=\"font-weight: 400;\" aria-level=\"1\">desideri un mobile che si abbini perfettamente alla tua camera<\/li>\n<li style=\"font-weight: 400;\" aria-level=\"1\">consideri la cabina armadio uno \u201cspreco di spazio\u201d e preferisci optare per un arredamento pi\u00f9 minimalista<\/li>\n<li style=\"font-weight: 400;\" aria-level=\"1\">ami l\u2019idea di uno spazio compatto che ti aiuti ad organizzare al meglio i tuoi beni<\/li>\n<li style=\"font-weight: 400;\" aria-level=\"1\">non ti piace l\u2019idea di tenere i tuoi vestiti \u201ca vista\u201d<\/li>\n<\/ul>\n<h4>La cabina armadio \u00e8 la soluzione per te se\u2026<\/h4>\n<ul>\n<li style=\"font-weight: 400;\" aria-level=\"1\">hai bisogno di uno spazio a s\u00e9 per il tuo vestiario e i tuoi effetti personali<\/li>\n<li style=\"font-weight: 400;\" aria-level=\"1\">ti piace l\u2019idea di una stanza che faccia non solo da guardaroba, ma anche da \u201ccamerino privato\u201d e da zona trucco e parrucco<\/li>\n<li style=\"font-weight: 400;\" aria-level=\"1\">vuoi una soluzione che sia non solo capiente, ma anche ad alto impatto visivo<\/li>\n<li style=\"font-weight: 400;\" aria-level=\"1\">ambisci ad un ambiente che sia sempre altamente personalizzabile e mutabile nel tempo, capace di evolversi insieme ai tuoi gusti e preferenze<\/li>\n<li style=\"font-weight: 400;\" aria-level=\"1\">preferisci che la tua camera da letto sia \u201calleggerita\u201d dalla presenza di un armadio ingombrante<\/li>\n<\/ul>\n<h2><img loading=\"lazy\" decoding=\"async\" class=\"alignnone size-full wp-image-4402\" src=\"https:\/\/cosyinternational.com\/wp-content\/uploads\/2022\/08\/arredamento-su-misura.jpeg\" alt=\"arredamento su misura\" width=\"1116\" height=\"697\" srcset=\"https:\/\/cosyinternational.com\/wp-content\/uploads\/2022\/08\/arredamento-su-misura.jpeg 1116w, https:\/\/cosyinternational.com\/wp-content\/uploads\/2022\/08\/arredamento-su-misura-300x187.jpeg 300w, https:\/\/cosyinternational.com\/wp-content\/uploads\/2022\/08\/arredamento-su-misura-1024x640.jpeg 1024w, https:\/\/cosyinternational.com\/wp-content\/uploads\/2022\/08\/arredamento-su-misura-768x480.jpeg 768w, https:\/\/cosyinternational.com\/wp-content\/uploads\/2022\/08\/arredamento-su-misura-806x503.jpeg 806w, https:\/\/cosyinternational.com\/wp-content\/uploads\/2022\/08\/arredamento-su-misura-558x349.jpeg 558w, https:\/\/cosyinternational.com\/wp-content\/uploads\/2022\/08\/arredamento-su-misura-655x409.jpeg 655w\" sizes=\"(max-width: 1116px) 100vw, 1116px\" \/>Qualsiasi sia la tua scelta: che sia su misura!<\/h2>\n<p>Ora dovresti avere le idee pi\u00f9 chiare, o comunque avere tutti gli elementi che ti guideranno nella scelta tra guardaroba e cabina armadio. Indipendentemente da quale soluzione sceglierai, ricorda che sia l\u2019armadio che la cabina armadio sono due opzioni molto valide, a patto che siano su misura e <b>studiate ad hoc sulla tua abitazione e sul tuo stile di vita<\/b>: infatti solamente i mobili su misura possono soddisfare gli alti requisiti che ci si aspetta da un <b>arredamento di lusso ed esclusivo<\/b>, capace di adattarsi alla tua vita di tutti i giorni. Se sei invece tu a doverti adattare, allora non stiamo parlando di vero <i>luxury<\/i>.<\/p>\n<h2>Quando costano gli armadi su misura?<\/h2>\n<p>Una volta trovata la risposta alla domanda \u201cMeglio un guardaroba o una cabina armadio?\u201d, viene automatico chiedersi anche quale sia il costo di un armadio su misura. Abbiamo ampiamente esposto alcuni dei fattori che influiscono sui costi di un arredamento di lusso e, pi\u00f9 nello specifico, di un armadio di lusso <a href=\"https:\/\/cosyinternational.com\/it\/quanto-costa-l-arredamento-di-lusso-di-una-proprieta-di-prestigio\/\">in questo articolo<\/a>, ma per avere un dato pi\u00f9 preciso puoi chiederci un preventivo: Cosy International rimane a tua disposizione per aiutarti a fare della tua abitazione <b>un luogo davvero a misura di te!<\/b><\/p>\n<p><a href=\"https:\/\/cosyinternational.com\/it\/contatti\/\">RICHIEDI UN PREVENTIVO<\/a><\/p>\n","protected":false},"excerpt":{"rendered":"<p>Un classico armadio ad ante, studiato ad hoc per la tua camera da letto, o un\u2019intera stanza da arredare a cabina armadio? Non esiste una risposta univoca per tutti: quando si tratta di arredamento su misura, del resto, la soluzione migliore \u00e8 quella che rispecchia perfettamente i tuoi bisogni e le tue preferenze in fatto&hellip;<\/p>\n","protected":false},"author":3,"featured_media":4389,"comment_status":"closed","ping_status":"closed","sticky":false,"template":"","format":"standard","meta":{"_acf_changed":false,"footnotes":""},"categories":[141],"tags":[33,61],"acf":[],"yoast_head":"<!-- This site is optimized with the Yoast SEO plugin v22.2 - https:\/\/yoast.com\/wordpress\/plugins\/seo\/ -->\n<title>Armadi su misura o cabine armadio? Ecco la risposta!<\/title>\n<meta name=\"description\" content=\"Classici armadi su misura o intere cabine armadio? Non esiste una risposta univoca. Cosy ti guida nella scelta: leggi ora l&#039;articolo!\" \/>\n<meta name=\"robots\" content=\"index, follow, max-snippet:-1, max-image-preview:large, max-video-preview:-1\" \/>\n<link rel=\"canonical\" href=\"https:\/\/cosyinternational.com\/it\/armadi-su-misura-o-cabine-armadio-questa-e-la-domanda-ecco-la-risposta\/\" \/>\n<meta property=\"og:locale\" content=\"it_IT\" \/>\n<meta property=\"og:type\" content=\"article\" \/>\n<meta property=\"og:title\" content=\"Armadi su misura o cabine armadio? Ecco la risposta!\" \/>\n<meta property=\"og:description\" content=\"Classici armadi su misura o intere cabine armadio? Non esiste una risposta univoca. Cosy ti guida nella scelta: leggi ora l&#039;articolo!\" \/>\n<meta property=\"og:url\" content=\"https:\/\/cosyinternational.com\/it\/armadi-su-misura-o-cabine-armadio-questa-e-la-domanda-ecco-la-risposta\/\" \/>\n<meta property=\"og:site_name\" content=\"Cosy International\" \/>\n<meta property=\"article:publisher\" content=\"https:\/\/www.facebook.com\/cosyinternational\" \/>\n<meta property=\"article:published_time\" content=\"2022-08-10T09:56:03+00:00\" \/>\n<meta property=\"article:modified_time\" content=\"2023-10-25T15:45:25+00:00\" \/>\n<meta property=\"og:image\" content=\"https:\/\/cosyinternational.com\/wp-content\/uploads\/2022\/08\/armadi-su-misura-cabine-armadio.jpg\" \/>\n\t<meta property=\"og:image:width\" content=\"1920\" \/>\n\t<meta property=\"og:image:height\" content=\"1080\" \/>\n\t<meta property=\"og:image:type\" content=\"image\/jpeg\" \/>\n<meta name=\"author\" content=\"Staff Cosy International\" \/>\n<meta name=\"twitter:card\" content=\"summary_large_image\" \/>\n<meta name=\"twitter:label1\" content=\"Scritto da\" \/>\n\t<meta name=\"twitter:data1\" content=\"Staff Cosy International\" \/>\n\t<meta name=\"twitter:label2\" content=\"Tempo di lettura stimato\" \/>\n\t<meta name=\"twitter:data2\" content=\"9 minuti\" \/>\n<script type=\"application\/ld+json\" class=\"yoast-schema-graph\">{\"@context\":\"https:\/\/schema.org\",\"@graph\":[{\"@type\":\"Article\",\"@id\":\"https:\/\/cosyinternational.com\/it\/armadi-su-misura-o-cabine-armadio-questa-e-la-domanda-ecco-la-risposta\/#article\",\"isPartOf\":{\"@id\":\"https:\/\/cosyinternational.com\/it\/armadi-su-misura-o-cabine-armadio-questa-e-la-domanda-ecco-la-risposta\/\"},\"author\":{\"name\":\"Staff Cosy International\",\"@id\":\"https:\/\/cosyinternational.com\/it\/#\/schema\/person\/bbaac503f58012a706dbfaedfbc1e3d0\"},\"headline\":\"Armadi su misura o cabine armadio? Questa \u00e8 la domanda\u2026 ecco la risposta!\",\"datePublished\":\"2022-08-10T09:56:03+00:00\",\"dateModified\":\"2023-10-25T15:45:25+00:00\",\"mainEntityOfPage\":{\"@id\":\"https:\/\/cosyinternational.com\/it\/armadi-su-misura-o-cabine-armadio-questa-e-la-domanda-ecco-la-risposta\/\"},\"wordCount\":1436,\"publisher\":{\"@id\":\"https:\/\/cosyinternational.com\/it\/#organization\"},\"image\":{\"@id\":\"https:\/\/cosyinternational.com\/it\/armadi-su-misura-o-cabine-armadio-questa-e-la-domanda-ecco-la-risposta\/#primaryimage\"},\"thumbnailUrl\":\"https:\/\/cosyinternational.com\/wp-content\/uploads\/2022\/08\/armadi-su-misura-cabine-armadio.jpg\",\"keywords\":[\"Arredamento su misura\",\"cabine armadio\"],\"articleSection\":[\"Consigli per Arredare\"],\"inLanguage\":\"it-IT\"},{\"@type\":\"WebPage\",\"@id\":\"https:\/\/cosyinternational.com\/it\/armadi-su-misura-o-cabine-armadio-questa-e-la-domanda-ecco-la-risposta\/\",\"url\":\"https:\/\/cosyinternational.com\/it\/armadi-su-misura-o-cabine-armadio-questa-e-la-domanda-ecco-la-risposta\/\",\"name\":\"Armadi su misura o cabine armadio? Ecco la risposta!\",\"isPartOf\":{\"@id\":\"https:\/\/cosyinternational.com\/it\/#website\"},\"primaryImageOfPage\":{\"@id\":\"https:\/\/cosyinternational.com\/it\/armadi-su-misura-o-cabine-armadio-questa-e-la-domanda-ecco-la-risposta\/#primaryimage\"},\"image\":{\"@id\":\"https:\/\/cosyinternational.com\/it\/armadi-su-misura-o-cabine-armadio-questa-e-la-domanda-ecco-la-risposta\/#primaryimage\"},\"thumbnailUrl\":\"https:\/\/cosyinternational.com\/wp-content\/uploads\/2022\/08\/armadi-su-misura-cabine-armadio.jpg\",\"datePublished\":\"2022-08-10T09:56:03+00:00\",\"dateModified\":\"2023-10-25T15:45:25+00:00\",\"description\":\"Classici armadi su misura o intere cabine armadio? Non esiste una risposta univoca. Cosy ti guida nella scelta: leggi ora l'articolo!\",\"breadcrumb\":{\"@id\":\"https:\/\/cosyinternational.com\/it\/armadi-su-misura-o-cabine-armadio-questa-e-la-domanda-ecco-la-risposta\/#breadcrumb\"},\"inLanguage\":\"it-IT\",\"potentialAction\":[{\"@type\":\"ReadAction\",\"target\":[\"https:\/\/cosyinternational.com\/it\/armadi-su-misura-o-cabine-armadio-questa-e-la-domanda-ecco-la-risposta\/\"]}]},{\"@type\":\"ImageObject\",\"inLanguage\":\"it-IT\",\"@id\":\"https:\/\/cosyinternational.com\/it\/armadi-su-misura-o-cabine-armadio-questa-e-la-domanda-ecco-la-risposta\/#primaryimage\",\"url\":\"https:\/\/cosyinternational.com\/wp-content\/uploads\/2022\/08\/armadi-su-misura-cabine-armadio.jpg\",\"contentUrl\":\"https:\/\/cosyinternational.com\/wp-content\/uploads\/2022\/08\/armadi-su-misura-cabine-armadio.jpg\",\"width\":1920,\"height\":1080,\"caption\":\"armadi su misura cabine armadio\"},{\"@type\":\"BreadcrumbList\",\"@id\":\"https:\/\/cosyinternational.com\/it\/armadi-su-misura-o-cabine-armadio-questa-e-la-domanda-ecco-la-risposta\/#breadcrumb\",\"itemListElement\":[{\"@type\":\"ListItem\",\"position\":1,\"name\":\"Home\",\"item\":\"https:\/\/cosyinternational.com\/it\/\"},{\"@type\":\"ListItem\",\"position\":2,\"name\":\"Armadi su misura o cabine armadio? Questa \u00e8 la domanda\u2026 ecco la risposta!\"}]},{\"@type\":\"WebSite\",\"@id\":\"https:\/\/cosyinternational.com\/it\/#website\",\"url\":\"https:\/\/cosyinternational.com\/it\/\",\"name\":\"COSY International\",\"description\":\"Luxury Bespoke Wardrobes\",\"publisher\":{\"@id\":\"https:\/\/cosyinternational.com\/it\/#organization\"},\"potentialAction\":[{\"@type\":\"SearchAction\",\"target\":{\"@type\":\"EntryPoint\",\"urlTemplate\":\"https:\/\/cosyinternational.com\/it\/?s={search_term_string}\"},\"query-input\":\"required name=search_term_string\"}],\"inLanguage\":\"it-IT\"},{\"@type\":\"Organization\",\"@id\":\"https:\/\/cosyinternational.com\/it\/#organization\",\"name\":\"COSY Srl\",\"url\":\"https:\/\/cosyinternational.com\/it\/\",\"logo\":{\"@type\":\"ImageObject\",\"inLanguage\":\"it-IT\",\"@id\":\"https:\/\/cosyinternational.com\/it\/#\/schema\/logo\/image\/\",\"url\":\"https:\/\/cosyinternational.com\/wp-content\/uploads\/2023\/03\/Logo_Nero_V2_margine.png\",\"contentUrl\":\"https:\/\/cosyinternational.com\/wp-content\/uploads\/2023\/03\/Logo_Nero_V2_margine.png\",\"width\":2392,\"height\":1155,\"caption\":\"COSY Srl\"},\"image\":{\"@id\":\"https:\/\/cosyinternational.com\/it\/#\/schema\/logo\/image\/\"},\"sameAs\":[\"https:\/\/www.facebook.com\/cosyinternational\",\"https:\/\/www.instagram.com\/cosyinternational\",\"https:\/\/it.linkedin.com\/company\/cosy-srl\",\"https:\/\/www.youtube.com\/channel\/UC1FFm4YbQ-ViqzjCAQJ0uFQ\/videos\",\"https:\/\/www.pinterest.it\/cosyinternational\/\"]},{\"@type\":\"Person\",\"@id\":\"https:\/\/cosyinternational.com\/it\/#\/schema\/person\/bbaac503f58012a706dbfaedfbc1e3d0\",\"name\":\"Staff Cosy International\",\"image\":{\"@type\":\"ImageObject\",\"inLanguage\":\"it-IT\",\"@id\":\"https:\/\/cosyinternational.com\/it\/#\/schema\/person\/image\/\",\"url\":\"https:\/\/secure.gravatar.com\/avatar\/39845de258004c0e92253ece7faf073b?s=96&d=mm&r=g\",\"contentUrl\":\"https:\/\/secure.gravatar.com\/avatar\/39845de258004c0e92253ece7faf073b?s=96&d=mm&r=g\",\"caption\":\"Staff Cosy International\"},\"url\":\"https:\/\/cosyinternational.com\/it\/author\/staff-cosy-international\/\"}]}<\/script>\n<!-- \/ Yoast SEO plugin. -->","yoast_head_json":{"title":"Armadi su misura o cabine armadio? Ecco la risposta!","description":"Classici armadi su misura o intere cabine armadio? Non esiste una risposta univoca. Cosy ti guida nella scelta: leggi ora l'articolo!","robots":{"index":"index","follow":"follow","max-snippet":"max-snippet:-1","max-image-preview":"max-image-preview:large","max-video-preview":"max-video-preview:-1"},"canonical":"https:\/\/cosyinternational.com\/it\/armadi-su-misura-o-cabine-armadio-questa-e-la-domanda-ecco-la-risposta\/","og_locale":"it_IT","og_type":"article","og_title":"Armadi su misura o cabine armadio? Ecco la risposta!","og_description":"Classici armadi su misura o intere cabine armadio? Non esiste una risposta univoca. Cosy ti guida nella scelta: leggi ora l'articolo!","og_url":"https:\/\/cosyinternational.com\/it\/armadi-su-misura-o-cabine-armadio-questa-e-la-domanda-ecco-la-risposta\/","og_site_name":"Cosy International","article_publisher":"https:\/\/www.facebook.com\/cosyinternational","article_published_time":"2022-08-10T09:56:03+00:00","article_modified_time":"2023-10-25T15:45:25+00:00","og_image":[{"width":1920,"height":1080,"url":"https:\/\/cosyinternational.com\/wp-content\/uploads\/2022\/08\/armadi-su-misura-cabine-armadio.jpg","type":"image\/jpeg"}],"author":"Staff Cosy International","twitter_card":"summary_large_image","twitter_misc":{"Scritto da":"Staff Cosy International","Tempo di lettura stimato":"9 minuti"},"schema":{"@context":"https:\/\/schema.org","@graph":[{"@type":"Article","@id":"https:\/\/cosyinternational.com\/it\/armadi-su-misura-o-cabine-armadio-questa-e-la-domanda-ecco-la-risposta\/#article","isPartOf":{"@id":"https:\/\/cosyinternational.com\/it\/armadi-su-misura-o-cabine-armadio-questa-e-la-domanda-ecco-la-risposta\/"},"author":{"name":"Staff Cosy International","@id":"https:\/\/cosyinternational.com\/it\/#\/schema\/person\/bbaac503f58012a706dbfaedfbc1e3d0"},"headline":"Armadi su misura o cabine armadio? Questa \u00e8 la domanda\u2026 ecco la risposta!","datePublished":"2022-08-10T09:56:03+00:00","dateModified":"2023-10-25T15:45:25+00:00","mainEntityOfPage":{"@id":"https:\/\/cosyinternational.com\/it\/armadi-su-misura-o-cabine-armadio-questa-e-la-domanda-ecco-la-risposta\/"},"wordCount":1436,"publisher":{"@id":"https:\/\/cosyinternational.com\/it\/#organization"},"image":{"@id":"https:\/\/cosyinternational.com\/it\/armadi-su-misura-o-cabine-armadio-questa-e-la-domanda-ecco-la-risposta\/#primaryimage"},"thumbnailUrl":"https:\/\/cosyinternational.com\/wp-content\/uploads\/2022\/08\/armadi-su-misura-cabine-armadio.jpg","keywords":["Arredamento su misura","cabine armadio"],"articleSection":["Consigli per Arredare"],"inLanguage":"it-IT"},{"@type":"WebPage","@id":"https:\/\/cosyinternational.com\/it\/armadi-su-misura-o-cabine-armadio-questa-e-la-domanda-ecco-la-risposta\/","url":"https:\/\/cosyinternational.com\/it\/armadi-su-misura-o-cabine-armadio-questa-e-la-domanda-ecco-la-risposta\/","name":"Armadi su misura o cabine armadio? Ecco la risposta!","isPartOf":{"@id":"https:\/\/cosyinternational.com\/it\/#website"},"primaryImageOfPage":{"@id":"https:\/\/cosyinternational.com\/it\/armadi-su-misura-o-cabine-armadio-questa-e-la-domanda-ecco-la-risposta\/#primaryimage"},"image":{"@id":"https:\/\/cosyinternational.com\/it\/armadi-su-misura-o-cabine-armadio-questa-e-la-domanda-ecco-la-risposta\/#primaryimage"},"thumbnailUrl":"https:\/\/cosyinternational.com\/wp-content\/uploads\/2022\/08\/armadi-su-misura-cabine-armadio.jpg","datePublished":"2022-08-10T09:56:03+00:00","dateModified":"2023-10-25T15:45:25+00:00","description":"Classici armadi su misura o intere cabine armadio? Non esiste una risposta univoca. Cosy ti guida nella scelta: leggi ora l'articolo!","breadcrumb":{"@id":"https:\/\/cosyinternational.com\/it\/armadi-su-misura-o-cabine-armadio-questa-e-la-domanda-ecco-la-risposta\/#breadcrumb"},"inLanguage":"it-IT","potentialAction":[{"@type":"ReadAction","target":["https:\/\/cosyinternational.com\/it\/armadi-su-misura-o-cabine-armadio-questa-e-la-domanda-ecco-la-risposta\/"]}]},{"@type":"ImageObject","inLanguage":"it-IT","@id":"https:\/\/cosyinternational.com\/it\/armadi-su-misura-o-cabine-armadio-questa-e-la-domanda-ecco-la-risposta\/#primaryimage","url":"https:\/\/cosyinternational.com\/wp-content\/uploads\/2022\/08\/armadi-su-misura-cabine-armadio.jpg","contentUrl":"https:\/\/cosyinternational.com\/wp-content\/uploads\/2022\/08\/armadi-su-misura-cabine-armadio.jpg","width":1920,"height":1080,"caption":"armadi su misura cabine armadio"},{"@type":"BreadcrumbList","@id":"https:\/\/cosyinternational.com\/it\/armadi-su-misura-o-cabine-armadio-questa-e-la-domanda-ecco-la-risposta\/#breadcrumb","itemListElement":[{"@type":"ListItem","position":1,"name":"Home","item":"https:\/\/cosyinternational.com\/it\/"},{"@type":"ListItem","position":2,"name":"Armadi su misura o cabine armadio? Questa \u00e8 la domanda\u2026 ecco la risposta!"}]},{"@type":"WebSite","@id":"https:\/\/cosyinternational.com\/it\/#website","url":"https:\/\/cosyinternational.com\/it\/","name":"COSY International","description":"Luxury Bespoke Wardrobes","publisher":{"@id":"https:\/\/cosyinternational.com\/it\/#organization"},"potentialAction":[{"@type":"SearchAction","target":{"@type":"EntryPoint","urlTemplate":"https:\/\/cosyinternational.com\/it\/?s={search_term_string}"},"query-input":"required name=search_term_string"}],"inLanguage":"it-IT"},{"@type":"Organization","@id":"https:\/\/cosyinternational.com\/it\/#organization","name":"COSY Srl","url":"https:\/\/cosyinternational.com\/it\/","logo":{"@type":"ImageObject","inLanguage":"it-IT","@id":"https:\/\/cosyinternational.com\/it\/#\/schema\/logo\/image\/","url":"https:\/\/cosyinternational.com\/wp-content\/uploads\/2023\/03\/Logo_Nero_V2_margine.png","contentUrl":"https:\/\/cosyinternational.com\/wp-content\/uploads\/2023\/03\/Logo_Nero_V2_margine.png","width":2392,"height":1155,"caption":"COSY Srl"},"image":{"@id":"https:\/\/cosyinternational.com\/it\/#\/schema\/logo\/image\/"},"sameAs":["https:\/\/www.facebook.com\/cosyinternational","https:\/\/www.instagram.com\/cosyinternational","https:\/\/it.linkedin.com\/company\/cosy-srl","https:\/\/www.youtube.com\/channel\/UC1FFm4YbQ-ViqzjCAQJ0uFQ\/videos","https:\/\/www.pinterest.it\/cosyinternational\/"]},{"@type":"Person","@id":"https:\/\/cosyinternational.com\/it\/#\/schema\/person\/bbaac503f58012a706dbfaedfbc1e3d0","name":"Staff Cosy International","image":{"@type":"ImageObject","inLanguage":"it-IT","@id":"https:\/\/cosyinternational.com\/it\/#\/schema\/person\/image\/","url":"https:\/\/secure.gravatar.com\/avatar\/39845de258004c0e92253ece7faf073b?s=96&d=mm&r=g","contentUrl":"https:\/\/secure.gravatar.com\/avatar\/39845de258004c0e92253ece7faf073b?s=96&d=mm&r=g","caption":"Staff Cosy International"},"url":"https:\/\/cosyinternational.com\/it\/author\/staff-cosy-international\/"}]}},"_links":{"self":[{"href":"https:\/\/cosyinternational.com\/it\/wp-json\/wp\/v2\/posts\/4388"}],"collection":[{"href":"https:\/\/cosyinternational.com\/it\/wp-json\/wp\/v2\/posts"}],"about":[{"href":"https:\/\/cosyinternational.com\/it\/wp-json\/wp\/v2\/types\/post"}],"author":[{"embeddable":true,"href":"https:\/\/cosyinternational.com\/it\/wp-json\/wp\/v2\/users\/3"}],"replies":[{"embeddable":true,"href":"https:\/\/cosyinternational.com\/it\/wp-json\/wp\/v2\/comments?post=4388"}],"version-history":[{"count":11,"href":"https:\/\/cosyinternational.com\/it\/wp-json\/wp\/v2\/posts\/4388\/revisions"}],"predecessor-version":[{"id":10144,"href":"https:\/\/cosyinternational.com\/it\/wp-json\/wp\/v2\/posts\/4388\/revisions\/10144"}],"wp:featuredmedia":[{"embeddable":true,"href":"https:\/\/cosyinternational.com\/it\/wp-json\/wp\/v2\/media\/4389"}],"wp:attachment":[{"href":"https:\/\/cosyinternational.com\/it\/wp-json\/wp\/v2\/media?parent=4388"}],"wp:term":[{"taxonomy":"category","embeddable":true,"href":"https:\/\/cosyinternational.com\/it\/wp-json\/wp\/v2\/categories?post=4388"},{"taxonomy":"post_tag","embeddable":true,"href":"https:\/\/cosyinternational.com\/it\/wp-json\/wp\/v2\/tags?post=4388"}],"curies":[{"name":"wp","href":"https:\/\/api.w.org\/{rel}","templated":true}]}}