{"id":5471,"date":"2023-03-31T13:34:43","date_gmt":"2023-03-31T13:34:43","guid":{"rendered":"https:\/\/cosyinternational.com\/?p=5471"},"modified":"2023-04-17T19:21:39","modified_gmt":"2023-04-17T19:21:39","slug":"cosy-international-brand-image-vincenzo-provenzano","status":"publish","type":"post","link":"https:\/\/cosyinternational.com\/it\/cosy-international-brand-image-vincenzo-provenzano\/","title":{"rendered":"La nuova brand image di Cosy International: intervista al Creative Director Vincenzo Provenzano"},"content":{"rendered":"<p>Finalmente possiamo cominciare a condividere con tutti gli ammiratori di Cosy una novit\u00e0 a cui stavamo lavorando da mesi e che siamo entusiasti di presentare: la <b>nuova <\/b><b><i>brand image <\/i><\/b><b>di Cosy International<\/b>, con un logo completamente rinnovato che rispecchia la nostra passione e dedizione nel realizzare<b> armadi di lusso <\/b>dallo stile intramontabile.<\/p>\n<p>A mettere in evidenza la necessit\u00e0 di questo <i>restyling<\/i> \u00e8 stato il nostro nuovo Creative Director <b>Vincenzo Provenzano<\/b>, architetto che fin dalla prima collaborazione con Cosy aveva colto il potenziale delle nostre collezioni e, soprattutto, dei <b>servizi di customizzazione<\/b> di Cosy.<\/p>\n<p>Specializzato in Architettura Ecosostenibile e attivo nel campo della progettazione residenziale di lusso, <a href=\"https:\/\/www.vincenzoprovenzano.com\/\">Vincenzo Provenzano<\/a> vive tra Palermo e Jeddah e lavora a grandi progetti studiati soprattutto per il mercato mediorientale.<\/p>\n<p>&nbsp;<\/p>\n<p><img loading=\"lazy\" decoding=\"async\" class=\"aligncenter wp-image-5475\" src=\"https:\/\/cosyinternational.com\/wp-content\/uploads\/2023\/03\/cosy-international-vincenzo-provenzano-scaled.jpg\" alt=\"cosy international vincenzo provenzano\" width=\"800\" height=\"534\" srcset=\"https:\/\/cosyinternational.com\/wp-content\/uploads\/2023\/03\/cosy-international-vincenzo-provenzano-scaled.jpg 2560w, https:\/\/cosyinternational.com\/wp-content\/uploads\/2023\/03\/cosy-international-vincenzo-provenzano-300x200.jpg 300w, https:\/\/cosyinternational.com\/wp-content\/uploads\/2023\/03\/cosy-international-vincenzo-provenzano-1024x683.jpg 1024w, https:\/\/cosyinternational.com\/wp-content\/uploads\/2023\/03\/cosy-international-vincenzo-provenzano-768x513.jpg 768w, https:\/\/cosyinternational.com\/wp-content\/uploads\/2023\/03\/cosy-international-vincenzo-provenzano-1536x1025.jpg 1536w, https:\/\/cosyinternational.com\/wp-content\/uploads\/2023\/03\/cosy-international-vincenzo-provenzano-2048x1367.jpg 2048w, https:\/\/cosyinternational.com\/wp-content\/uploads\/2023\/03\/cosy-international-vincenzo-provenzano-1612x1076.jpg 1612w, https:\/\/cosyinternational.com\/wp-content\/uploads\/2023\/03\/cosy-international-vincenzo-provenzano-1116x745.jpg 1116w, https:\/\/cosyinternational.com\/wp-content\/uploads\/2023\/03\/cosy-international-vincenzo-provenzano-806x538.jpg 806w, https:\/\/cosyinternational.com\/wp-content\/uploads\/2023\/03\/cosy-international-vincenzo-provenzano-558x372.jpg 558w, https:\/\/cosyinternational.com\/wp-content\/uploads\/2023\/03\/cosy-international-vincenzo-provenzano-655x437.jpg 655w\" sizes=\"(max-width: 800px) 100vw, 800px\" \/><\/p>\n<p>&nbsp;<\/p>\n<p>In questa occasione abbiamo deciso di rivolgere a Vincenzo alcune domande per ripercorrere insieme il percorso che ha portato Cosy International a studiare una nuova <i>brand image<\/i>, pi\u00f9 coerente con la propria identit\u00e0 e con le proprie ambizioni.<\/p>\n<ul>\n<li aria-level=\"1\"><b>Ciao Vincenzo, prima di tutto grazie di avere trovato il tempo per rispondere a queste domande! <\/b><b><br \/>\n<\/b><b>Iniziamo dal principio: in quali circostanze sei diventato Creative Director di Cosy International?<\/b><b><br \/>\n<\/b><b><br \/>\n<\/b>Tutto \u00e8 cominciato con la mia prima collaborazione con Cosy, nell\u2019ambito del progetto di una dimora a Jeddah commissionata da una principessa saudita: io ne ero il progettista per conto di uno studio locale ed ero in cerca di un\u2019azienda di armadi che avesse speciali capacit\u00e0 di customizzazione e versatilit\u00e0 nelle dimensioni.<br \/>\nDa subito mi ha impressionato la<b> capacit\u00e0 di personalizzazione<\/b> di Cosy: probabilmente \u00e8 l\u2019unica azienda in Italia che si spinge cos\u00ec oltre, quando si parla di<b> cabine armadio<\/b> <b>e guardaroba<\/b>. Cos\u00ec \u00e8 cominciata la mia collaborazione con Fabiano Pianigiani, CEO di Cosy, che, dopo qualche anno da quel primo progetto insieme, mi ha invitato a far parte del team dell\u2019azienda e ad apportare il mio contributo come Creative Director. <\/li>\n<\/ul>\n<ul>\n<li aria-level=\"1\"><b>Cosa ti ha spinto a pensare \u201cBene, \u00e8 tempo di rinnovare l\u2019immagine di Cosy\u201d?<\/b><b><br \/>\n<\/b><b><br \/>\n<\/b>Avevo notato che il modo in cui l\u2019azienda comunicava la sua filosofia e si proponeva ai clienti era desueto. Date le notevoli potenzialit\u00e0 di Cosy in termini di flessibilit\u00e0 e customizzazione, l\u2019azienda aveva bisogno di un\u2019immagine coerente e all\u2019altezza delle sue capacit\u00e0. Per cui, come Creative Director, ho subito pensato di riorganizzare le collezioni gi\u00e0 esistenti e di inserirne delle nuove, ispirate ad un design pi\u00f9 contemporaneo. Di pari passo ho suggerito l\u2019adozione di un nuovo logo e il rinnovamento di tutto quello che aveva a che fare con l\u2019immagine aziendale.<\/li>\n<\/ul>\n<ul>\n<li aria-level=\"1\"><b>Per quale motivo Cosy International aveva bisogno di un cambio di immagine? In che modo il logo di prima non rappresentava pi\u00f9 Cosy?<\/b><b><br \/>\n<\/b><b><br \/>\n<\/b>Il logo di Cosy International era gi\u00e0 sobrio ed elegante, ma trovavo quella scritta un po\u2019 limitante. Avrei voluto che il logo si adattasse a pi\u00f9 contesti, sia analogici che digitali: volevo un <b>elemento geometrico<\/b> che avesse una sua indipendente valenza grafica, capace di rendere Cosy immediatamente riconoscibile. Un logo che comunicasse un <b>design <\/b><b><i>timeless<\/i><\/b>, legato alla <b>migliore tradizione artigianale italiana<\/b> nel mondo contemporaneo.<\/li>\n<\/ul>\n<ul>\n<li aria-level=\"1\"><b>Qual \u00e8 stato lo spunto iniziale per cominciare a lavorare sulla nuova immagine di Cosy? Ti \u00e8 stato d\u2019ispirazione qualcosa in particolare?<\/b><b><br \/>\n<\/b><b><br \/>\n<\/b>Per non perdere di vista l\u2019obiettivo, c\u2019era bisogno di un punto di riferimento, anche solo simbolico, che rappresentasse un\u2019idea di modernit\u00e0 che non passa mai: per me \u00e8 stato il <b>tubino nero Givenchy indossato da Audrey Hepburn<\/b> in <i>Colazione da Tiffany<\/i>, che ridefin\u00ec la moda degli anni Sessanta ma che \u00e8 ancora oggi un simbolo indiscusso di stile ed eleganza. Allo stesso modo volevo che sia il logo che l\u2019immagine di Cosy trasmettessero la filosofia di un\u2019<b>azienda <\/b><b><i>design oriented<\/i><\/b> che propone soluzioni senza tempo e che non si limita ad inseguire le mode del momento. <\/li>\n<\/ul>\n<ul>\n<li aria-level=\"1\"><b>Che direzione ha poi preso la ricerca del nuovo logo?<\/b><b><br \/>\n<\/b><b><br \/>\n<\/b>Mi era chiaro che il logo di Cosy International dovesse comunicare questi valori: <b>sobriet\u00e0, modernit\u00e0 ed eleganza<\/b>. Dato che lo scopo era studiare un segno grafico con una propria identit\u00e0, ma che richiamasse comunque l\u2019azienda che rappresentava, ho pensato che i tre settori di competenza dell\u2019azienda (<b>Collezioni, Progetti e Procurement<\/b>) potessero essere resi graficamente attraverso una rielaborazione della prima e ultima lettera del nome \u201cCosy\u201d, quindi la C e la Y. Da questa idea \u00e8 nato il primo \u201cprototipo\u201d del logo: una C circolare suddivisa in tre parti uguali dalla Y, soluzione che ci ha anche permesso di studiare una <b>serie di pattern<\/b> da poter utilizzare sia nella comunicazione che nelle personalizzazioni di Cosy.<b><br \/>\n<\/b><\/li>\n<\/ul>\n<p><b><img loading=\"lazy\" decoding=\"async\" class=\"aligncenter wp-image-5472\" src=\"https:\/\/cosyinternational.com\/wp-content\/uploads\/2023\/03\/cosy-international.jpg\" alt=\"cosy international\" width=\"800\" height=\"450\" srcset=\"https:\/\/cosyinternational.com\/wp-content\/uploads\/2023\/03\/cosy-international.jpg 1920w, https:\/\/cosyinternational.com\/wp-content\/uploads\/2023\/03\/cosy-international-300x169.jpg 300w, https:\/\/cosyinternational.com\/wp-content\/uploads\/2023\/03\/cosy-international-1024x576.jpg 1024w, https:\/\/cosyinternational.com\/wp-content\/uploads\/2023\/03\/cosy-international-768x432.jpg 768w, https:\/\/cosyinternational.com\/wp-content\/uploads\/2023\/03\/cosy-international-1536x864.jpg 1536w, https:\/\/cosyinternational.com\/wp-content\/uploads\/2023\/03\/cosy-international-1612x907.jpg 1612w, https:\/\/cosyinternational.com\/wp-content\/uploads\/2023\/03\/cosy-international-1116x628.jpg 1116w, https:\/\/cosyinternational.com\/wp-content\/uploads\/2023\/03\/cosy-international-806x453.jpg 806w, https:\/\/cosyinternational.com\/wp-content\/uploads\/2023\/03\/cosy-international-558x314.jpg 558w, https:\/\/cosyinternational.com\/wp-content\/uploads\/2023\/03\/cosy-international-655x368.jpg 655w\" sizes=\"(max-width: 800px) 100vw, 800px\" \/><\/b><\/p>\n<p>&nbsp;<\/p>\n<ul>\n<li aria-level=\"1\"><b>Insieme al logo, \u00e8 cambiata anche la palette colori di Cosy International: in che modo? <\/b><b><br \/>\n<\/b><b><br \/>\n<\/b>La palette \u00e8 quell\u2019elemento della nuova<i> brand image<\/i> che rappresenta una <b>continuit\u00e0 con il passato<\/b>: abbiamo deciso di mantenere il contrasto bianco\/nero, sempre inseguendo quella visione <i>timeless<\/i> che ci \u00e8 particolarmente cara, affiancando pochi colori che ricordassero i <b>metalli <\/b>utilizzati nelle collezioni di Cosy. <\/li>\n<\/ul>\n<ul>\n<li aria-level=\"1\"><b>Come accennavi all\u2019inizio, oltre alla <\/b><b><i>brand image<\/i><\/b><b> Cosy sta rinnovando le proprie collezioni, ma non solo: nel corso di quest\u2019anno ne verr\u00e0 annunciata almeno una nuova. Puoi anticiparci qualcosa?<\/b><b><br \/>\n<\/b><b><br \/>\n<\/b>La riorganizzazione delle collezioni di Cosy International \u00e8 ancora <i>work in progress<\/i> e verr\u00e0 definitivamente proposta quest\u2019anno, insieme ad una nuova collezione: <b>Metallica<\/b>. Come suggerisce il nome, avr\u00e0 il metallo come elemento distintivo, in combinazione con altri materiali, nel solco della tradizionale versatilit\u00e0 di Cosy nella personalizzazione. Al momento posso anticipare che Metallica rappresenter\u00e0 un <b>moderno segno di eleganza all\u2019interno di una visione minimale dell\u2019armadio<\/b>. Per il futuro, posso solo consigliare a tutti di iscriversi alla <a href=\"https:\/\/cosyinternational.com\/it\/brochure\/\">newsletter di Cosy International<\/a> per rimanere aggiornati sulle prossime novit\u00e0, che non mancheranno di stupirvi!<\/li>\n<\/ul>\n<p><b><\/b><br \/>\nRingraziamo Vincenzo per il tempo che ci ha dedicato: sicuramente all\u2019interno del nostro blog torneremo a parlare dei suoi progetti in collaborazione con Cosy International!<br \/>\nSe questa anticipazione sul futuro di Cosy ti ha incuriosito, seguici anche sui nostri canali social (<a href=\"https:\/\/www.instagram.com\/cosyinternational\/\">Instagram<\/a>, <a href=\"https:\/\/www.linkedin.com\/company\/cosy-srl\/\">LinkedIn<\/a>, <a href=\"https:\/\/www.facebook.com\/cosyinternational\">Facebook<\/a> e <a href=\"https:\/\/www.pinterest.it\/cosyinternational\/\">Pinterest<\/a>) per non perderti nessuna novit\u00e0: abbiamo appena iniziato a svelare le nuove sorprese\u2026<\/p>\n<p><a href=\"https:\/\/cosyinternational.com\/contacts\/\">CONTACT US<\/a><\/p>\n","protected":false},"excerpt":{"rendered":"<p>Finalmente possiamo cominciare a condividere con tutti gli ammiratori di Cosy una novit\u00e0 a cui stavamo lavorando da mesi e che siamo entusiasti di presentare: la nuova brand image di Cosy International, con un logo completamente rinnovato che rispecchia la nostra passione e dedizione nel realizzare armadi di lusso dallo stile intramontabile. A mettere in&hellip;<\/p>\n","protected":false},"author":3,"featured_media":5557,"comment_status":"closed","ping_status":"closed","sticky":false,"template":"","format":"standard","meta":{"_acf_changed":false,"footnotes":""},"categories":[11],"tags":[28,96],"acf":[],"yoast_head":"<!-- This site is optimized with the Yoast SEO plugin v22.2 - https:\/\/yoast.com\/wordpress\/plugins\/seo\/ -->\n<title>La nuova immagine di Cosy International - News &amp; Eventi<\/title>\n<meta name=\"description\" content=\"Il Creative Director Vincenzo Provenzano racconta la nuova brand image di Cosy International, con un logo completamente rinnovato.\" \/>\n<meta name=\"robots\" content=\"index, follow, max-snippet:-1, max-image-preview:large, max-video-preview:-1\" \/>\n<link rel=\"canonical\" href=\"https:\/\/cosyinternational.com\/it\/cosy-international-brand-image-vincenzo-provenzano\/\" \/>\n<meta property=\"og:locale\" content=\"it_IT\" \/>\n<meta property=\"og:type\" content=\"article\" \/>\n<meta property=\"og:title\" content=\"La nuova immagine di Cosy International - News &amp; Eventi\" \/>\n<meta property=\"og:description\" content=\"Il Creative Director Vincenzo Provenzano racconta la nuova brand image di Cosy International, con un logo completamente rinnovato.\" \/>\n<meta property=\"og:url\" content=\"https:\/\/cosyinternational.com\/it\/cosy-international-brand-image-vincenzo-provenzano\/\" \/>\n<meta property=\"og:site_name\" content=\"Cosy International\" \/>\n<meta property=\"article:publisher\" content=\"https:\/\/www.facebook.com\/cosyinternational\" \/>\n<meta property=\"article:published_time\" content=\"2023-03-31T13:34:43+00:00\" \/>\n<meta property=\"article:modified_time\" content=\"2023-04-17T19:21:39+00:00\" \/>\n<meta property=\"og:image\" content=\"https:\/\/cosyinternational.com\/wp-content\/uploads\/2023\/04\/Rebranding-COSY-new-logo.jpg\" \/>\n\t<meta property=\"og:image:width\" content=\"1920\" \/>\n\t<meta property=\"og:image:height\" content=\"1080\" \/>\n\t<meta property=\"og:image:type\" content=\"image\/jpeg\" \/>\n<meta name=\"author\" content=\"Staff Cosy International\" \/>\n<meta name=\"twitter:card\" content=\"summary_large_image\" \/>\n<meta name=\"twitter:label1\" content=\"Scritto da\" \/>\n\t<meta name=\"twitter:data1\" content=\"Staff Cosy International\" \/>\n\t<meta name=\"twitter:label2\" content=\"Tempo di lettura stimato\" \/>\n\t<meta name=\"twitter:data2\" content=\"6 minuti\" \/>\n<script type=\"application\/ld+json\" class=\"yoast-schema-graph\">{\"@context\":\"https:\/\/schema.org\",\"@graph\":[{\"@type\":\"Article\",\"@id\":\"https:\/\/cosyinternational.com\/it\/cosy-international-brand-image-vincenzo-provenzano\/#article\",\"isPartOf\":{\"@id\":\"https:\/\/cosyinternational.com\/it\/cosy-international-brand-image-vincenzo-provenzano\/\"},\"author\":{\"name\":\"Staff Cosy International\",\"@id\":\"https:\/\/cosyinternational.com\/it\/#\/schema\/person\/bbaac503f58012a706dbfaedfbc1e3d0\"},\"headline\":\"La nuova brand image di Cosy International: intervista al Creative Director Vincenzo Provenzano\",\"datePublished\":\"2023-03-31T13:34:43+00:00\",\"dateModified\":\"2023-04-17T19:21:39+00:00\",\"mainEntityOfPage\":{\"@id\":\"https:\/\/cosyinternational.com\/it\/cosy-international-brand-image-vincenzo-provenzano\/\"},\"wordCount\":1014,\"publisher\":{\"@id\":\"https:\/\/cosyinternational.com\/it\/#organization\"},\"image\":{\"@id\":\"https:\/\/cosyinternational.com\/it\/cosy-international-brand-image-vincenzo-provenzano\/#primaryimage\"},\"thumbnailUrl\":\"https:\/\/cosyinternational.com\/wp-content\/uploads\/2023\/04\/Rebranding-COSY-new-logo.jpg\",\"keywords\":[\"design\",\"intervista al designer\"],\"articleSection\":[\"News &amp; Eventi\"],\"inLanguage\":\"it-IT\"},{\"@type\":\"WebPage\",\"@id\":\"https:\/\/cosyinternational.com\/it\/cosy-international-brand-image-vincenzo-provenzano\/\",\"url\":\"https:\/\/cosyinternational.com\/it\/cosy-international-brand-image-vincenzo-provenzano\/\",\"name\":\"La nuova immagine di Cosy International - News &amp; Eventi\",\"isPartOf\":{\"@id\":\"https:\/\/cosyinternational.com\/it\/#website\"},\"primaryImageOfPage\":{\"@id\":\"https:\/\/cosyinternational.com\/it\/cosy-international-brand-image-vincenzo-provenzano\/#primaryimage\"},\"image\":{\"@id\":\"https:\/\/cosyinternational.com\/it\/cosy-international-brand-image-vincenzo-provenzano\/#primaryimage\"},\"thumbnailUrl\":\"https:\/\/cosyinternational.com\/wp-content\/uploads\/2023\/04\/Rebranding-COSY-new-logo.jpg\",\"datePublished\":\"2023-03-31T13:34:43+00:00\",\"dateModified\":\"2023-04-17T19:21:39+00:00\",\"description\":\"Il Creative Director Vincenzo Provenzano racconta la nuova brand image di Cosy International, con un logo completamente rinnovato.\",\"breadcrumb\":{\"@id\":\"https:\/\/cosyinternational.com\/it\/cosy-international-brand-image-vincenzo-provenzano\/#breadcrumb\"},\"inLanguage\":\"it-IT\",\"potentialAction\":[{\"@type\":\"ReadAction\",\"target\":[\"https:\/\/cosyinternational.com\/it\/cosy-international-brand-image-vincenzo-provenzano\/\"]}]},{\"@type\":\"ImageObject\",\"inLanguage\":\"it-IT\",\"@id\":\"https:\/\/cosyinternational.com\/it\/cosy-international-brand-image-vincenzo-provenzano\/#primaryimage\",\"url\":\"https:\/\/cosyinternational.com\/wp-content\/uploads\/2023\/04\/Rebranding-COSY-new-logo.jpg\",\"contentUrl\":\"https:\/\/cosyinternational.com\/wp-content\/uploads\/2023\/04\/Rebranding-COSY-new-logo.jpg\",\"width\":1920,\"height\":1080,\"caption\":\"Rebranding COSY new logo\"},{\"@type\":\"BreadcrumbList\",\"@id\":\"https:\/\/cosyinternational.com\/it\/cosy-international-brand-image-vincenzo-provenzano\/#breadcrumb\",\"itemListElement\":[{\"@type\":\"ListItem\",\"position\":1,\"name\":\"Home\",\"item\":\"https:\/\/cosyinternational.com\/it\/\"},{\"@type\":\"ListItem\",\"position\":2,\"name\":\"La nuova brand image di Cosy International: intervista al Creative Director Vincenzo Provenzano\"}]},{\"@type\":\"WebSite\",\"@id\":\"https:\/\/cosyinternational.com\/it\/#website\",\"url\":\"https:\/\/cosyinternational.com\/it\/\",\"name\":\"COSY International\",\"description\":\"Luxury Bespoke Wardrobes\",\"publisher\":{\"@id\":\"https:\/\/cosyinternational.com\/it\/#organization\"},\"potentialAction\":[{\"@type\":\"SearchAction\",\"target\":{\"@type\":\"EntryPoint\",\"urlTemplate\":\"https:\/\/cosyinternational.com\/it\/?s={search_term_string}\"},\"query-input\":\"required name=search_term_string\"}],\"inLanguage\":\"it-IT\"},{\"@type\":\"Organization\",\"@id\":\"https:\/\/cosyinternational.com\/it\/#organization\",\"name\":\"COSY Srl\",\"url\":\"https:\/\/cosyinternational.com\/it\/\",\"logo\":{\"@type\":\"ImageObject\",\"inLanguage\":\"it-IT\",\"@id\":\"https:\/\/cosyinternational.com\/it\/#\/schema\/logo\/image\/\",\"url\":\"https:\/\/cosyinternational.com\/wp-content\/uploads\/2023\/03\/Logo_Nero_V2_margine.png\",\"contentUrl\":\"https:\/\/cosyinternational.com\/wp-content\/uploads\/2023\/03\/Logo_Nero_V2_margine.png\",\"width\":2392,\"height\":1155,\"caption\":\"COSY Srl\"},\"image\":{\"@id\":\"https:\/\/cosyinternational.com\/it\/#\/schema\/logo\/image\/\"},\"sameAs\":[\"https:\/\/www.facebook.com\/cosyinternational\",\"https:\/\/www.instagram.com\/cosyinternational\",\"https:\/\/it.linkedin.com\/company\/cosy-srl\",\"https:\/\/www.youtube.com\/channel\/UC1FFm4YbQ-ViqzjCAQJ0uFQ\/videos\",\"https:\/\/www.pinterest.it\/cosyinternational\/\"]},{\"@type\":\"Person\",\"@id\":\"https:\/\/cosyinternational.com\/it\/#\/schema\/person\/bbaac503f58012a706dbfaedfbc1e3d0\",\"name\":\"Staff Cosy International\",\"image\":{\"@type\":\"ImageObject\",\"inLanguage\":\"it-IT\",\"@id\":\"https:\/\/cosyinternational.com\/it\/#\/schema\/person\/image\/\",\"url\":\"https:\/\/secure.gravatar.com\/avatar\/39845de258004c0e92253ece7faf073b?s=96&d=mm&r=g\",\"contentUrl\":\"https:\/\/secure.gravatar.com\/avatar\/39845de258004c0e92253ece7faf073b?s=96&d=mm&r=g\",\"caption\":\"Staff Cosy International\"},\"url\":\"https:\/\/cosyinternational.com\/it\/author\/staff-cosy-international\/\"}]}<\/script>\n<!-- \/ Yoast SEO plugin. -->","yoast_head_json":{"title":"La nuova immagine di Cosy International - News &amp; Eventi","description":"Il Creative Director Vincenzo Provenzano racconta la nuova brand image di Cosy International, con un logo completamente rinnovato.","robots":{"index":"index","follow":"follow","max-snippet":"max-snippet:-1","max-image-preview":"max-image-preview:large","max-video-preview":"max-video-preview:-1"},"canonical":"https:\/\/cosyinternational.com\/it\/cosy-international-brand-image-vincenzo-provenzano\/","og_locale":"it_IT","og_type":"article","og_title":"La nuova immagine di Cosy International - News &amp; Eventi","og_description":"Il Creative Director Vincenzo Provenzano racconta la nuova brand image di Cosy International, con un logo completamente rinnovato.","og_url":"https:\/\/cosyinternational.com\/it\/cosy-international-brand-image-vincenzo-provenzano\/","og_site_name":"Cosy International","article_publisher":"https:\/\/www.facebook.com\/cosyinternational","article_published_time":"2023-03-31T13:34:43+00:00","article_modified_time":"2023-04-17T19:21:39+00:00","og_image":[{"width":1920,"height":1080,"url":"https:\/\/cosyinternational.com\/wp-content\/uploads\/2023\/04\/Rebranding-COSY-new-logo.jpg","type":"image\/jpeg"}],"author":"Staff Cosy International","twitter_card":"summary_large_image","twitter_misc":{"Scritto da":"Staff Cosy International","Tempo di lettura stimato":"6 minuti"},"schema":{"@context":"https:\/\/schema.org","@graph":[{"@type":"Article","@id":"https:\/\/cosyinternational.com\/it\/cosy-international-brand-image-vincenzo-provenzano\/#article","isPartOf":{"@id":"https:\/\/cosyinternational.com\/it\/cosy-international-brand-image-vincenzo-provenzano\/"},"author":{"name":"Staff Cosy International","@id":"https:\/\/cosyinternational.com\/it\/#\/schema\/person\/bbaac503f58012a706dbfaedfbc1e3d0"},"headline":"La nuova brand image di Cosy International: intervista al Creative Director Vincenzo Provenzano","datePublished":"2023-03-31T13:34:43+00:00","dateModified":"2023-04-17T19:21:39+00:00","mainEntityOfPage":{"@id":"https:\/\/cosyinternational.com\/it\/cosy-international-brand-image-vincenzo-provenzano\/"},"wordCount":1014,"publisher":{"@id":"https:\/\/cosyinternational.com\/it\/#organization"},"image":{"@id":"https:\/\/cosyinternational.com\/it\/cosy-international-brand-image-vincenzo-provenzano\/#primaryimage"},"thumbnailUrl":"https:\/\/cosyinternational.com\/wp-content\/uploads\/2023\/04\/Rebranding-COSY-new-logo.jpg","keywords":["design","intervista al designer"],"articleSection":["News &amp; Eventi"],"inLanguage":"it-IT"},{"@type":"WebPage","@id":"https:\/\/cosyinternational.com\/it\/cosy-international-brand-image-vincenzo-provenzano\/","url":"https:\/\/cosyinternational.com\/it\/cosy-international-brand-image-vincenzo-provenzano\/","name":"La nuova immagine di Cosy International - News &amp; Eventi","isPartOf":{"@id":"https:\/\/cosyinternational.com\/it\/#website"},"primaryImageOfPage":{"@id":"https:\/\/cosyinternational.com\/it\/cosy-international-brand-image-vincenzo-provenzano\/#primaryimage"},"image":{"@id":"https:\/\/cosyinternational.com\/it\/cosy-international-brand-image-vincenzo-provenzano\/#primaryimage"},"thumbnailUrl":"https:\/\/cosyinternational.com\/wp-content\/uploads\/2023\/04\/Rebranding-COSY-new-logo.jpg","datePublished":"2023-03-31T13:34:43+00:00","dateModified":"2023-04-17T19:21:39+00:00","description":"Il Creative Director Vincenzo Provenzano racconta la nuova brand image di Cosy International, con un logo completamente rinnovato.","breadcrumb":{"@id":"https:\/\/cosyinternational.com\/it\/cosy-international-brand-image-vincenzo-provenzano\/#breadcrumb"},"inLanguage":"it-IT","potentialAction":[{"@type":"ReadAction","target":["https:\/\/cosyinternational.com\/it\/cosy-international-brand-image-vincenzo-provenzano\/"]}]},{"@type":"ImageObject","inLanguage":"it-IT","@id":"https:\/\/cosyinternational.com\/it\/cosy-international-brand-image-vincenzo-provenzano\/#primaryimage","url":"https:\/\/cosyinternational.com\/wp-content\/uploads\/2023\/04\/Rebranding-COSY-new-logo.jpg","contentUrl":"https:\/\/cosyinternational.com\/wp-content\/uploads\/2023\/04\/Rebranding-COSY-new-logo.jpg","width":1920,"height":1080,"caption":"Rebranding COSY new logo"},{"@type":"BreadcrumbList","@id":"https:\/\/cosyinternational.com\/it\/cosy-international-brand-image-vincenzo-provenzano\/#breadcrumb","itemListElement":[{"@type":"ListItem","position":1,"name":"Home","item":"https:\/\/cosyinternational.com\/it\/"},{"@type":"ListItem","position":2,"name":"La nuova brand image di Cosy International: intervista al Creative Director Vincenzo Provenzano"}]},{"@type":"WebSite","@id":"https:\/\/cosyinternational.com\/it\/#website","url":"https:\/\/cosyinternational.com\/it\/","name":"COSY International","description":"Luxury Bespoke Wardrobes","publisher":{"@id":"https:\/\/cosyinternational.com\/it\/#organization"},"potentialAction":[{"@type":"SearchAction","target":{"@type":"EntryPoint","urlTemplate":"https:\/\/cosyinternational.com\/it\/?s={search_term_string}"},"query-input":"required name=search_term_string"}],"inLanguage":"it-IT"},{"@type":"Organization","@id":"https:\/\/cosyinternational.com\/it\/#organization","name":"COSY Srl","url":"https:\/\/cosyinternational.com\/it\/","logo":{"@type":"ImageObject","inLanguage":"it-IT","@id":"https:\/\/cosyinternational.com\/it\/#\/schema\/logo\/image\/","url":"https:\/\/cosyinternational.com\/wp-content\/uploads\/2023\/03\/Logo_Nero_V2_margine.png","contentUrl":"https:\/\/cosyinternational.com\/wp-content\/uploads\/2023\/03\/Logo_Nero_V2_margine.png","width":2392,"height":1155,"caption":"COSY Srl"},"image":{"@id":"https:\/\/cosyinternational.com\/it\/#\/schema\/logo\/image\/"},"sameAs":["https:\/\/www.facebook.com\/cosyinternational","https:\/\/www.instagram.com\/cosyinternational","https:\/\/it.linkedin.com\/company\/cosy-srl","https:\/\/www.youtube.com\/channel\/UC1FFm4YbQ-ViqzjCAQJ0uFQ\/videos","https:\/\/www.pinterest.it\/cosyinternational\/"]},{"@type":"Person","@id":"https:\/\/cosyinternational.com\/it\/#\/schema\/person\/bbaac503f58012a706dbfaedfbc1e3d0","name":"Staff Cosy International","image":{"@type":"ImageObject","inLanguage":"it-IT","@id":"https:\/\/cosyinternational.com\/it\/#\/schema\/person\/image\/","url":"https:\/\/secure.gravatar.com\/avatar\/39845de258004c0e92253ece7faf073b?s=96&d=mm&r=g","contentUrl":"https:\/\/secure.gravatar.com\/avatar\/39845de258004c0e92253ece7faf073b?s=96&d=mm&r=g","caption":"Staff Cosy International"},"url":"https:\/\/cosyinternational.com\/it\/author\/staff-cosy-international\/"}]}},"_links":{"self":[{"href":"https:\/\/cosyinternational.com\/it\/wp-json\/wp\/v2\/posts\/5471"}],"collection":[{"href":"https:\/\/cosyinternational.com\/it\/wp-json\/wp\/v2\/posts"}],"about":[{"href":"https:\/\/cosyinternational.com\/it\/wp-json\/wp\/v2\/types\/post"}],"author":[{"embeddable":true,"href":"https:\/\/cosyinternational.com\/it\/wp-json\/wp\/v2\/users\/3"}],"replies":[{"embeddable":true,"href":"https:\/\/cosyinternational.com\/it\/wp-json\/wp\/v2\/comments?post=5471"}],"version-history":[{"count":8,"href":"https:\/\/cosyinternational.com\/it\/wp-json\/wp\/v2\/posts\/5471\/revisions"}],"predecessor-version":[{"id":5658,"href":"https:\/\/cosyinternational.com\/it\/wp-json\/wp\/v2\/posts\/5471\/revisions\/5658"}],"wp:featuredmedia":[{"embeddable":true,"href":"https:\/\/cosyinternational.com\/it\/wp-json\/wp\/v2\/media\/5557"}],"wp:attachment":[{"href":"https:\/\/cosyinternational.com\/it\/wp-json\/wp\/v2\/media?parent=5471"}],"wp:term":[{"taxonomy":"category","embeddable":true,"href":"https:\/\/cosyinternational.com\/it\/wp-json\/wp\/v2\/categories?post=5471"},{"taxonomy":"post_tag","embeddable":true,"href":"https:\/\/cosyinternational.com\/it\/wp-json\/wp\/v2\/tags?post=5471"}],"curies":[{"name":"wp","href":"https:\/\/api.w.org\/{rel}","templated":true}]}}