{"id":7686,"date":"2023-06-29T15:18:34","date_gmt":"2023-06-29T15:18:34","guid":{"rendered":"https:\/\/cosyinternational.com\/?p=7686"},"modified":"2023-07-28T09:02:15","modified_gmt":"2023-07-28T09:02:15","slug":"storia-dell-arredamento-antichi-greci-belle-epoque","status":"publish","type":"post","link":"https:\/\/cosyinternational.com\/it\/storia-dell-arredamento-antichi-greci-belle-epoque\/","title":{"rendered":"La storia dell\u2019arredamento dagli Antichi Greci alla Belle \u00c9poque"},"content":{"rendered":"<p><i><span style=\"font-weight: 400;\">XXI secolo, oggi.<\/span><\/i><\/p>\n<p><span style=\"font-weight: 400;\">Una persona decide di acquistare un guardaroba. Le scelte sono tante: pu\u00f2 affidarsi ad un classico armadio a parete, oppure preferire una <\/span><a href=\"https:\/\/cosyinternational.com\/it\/cabine-armadio-luxury\/\"><span style=\"font-weight: 400;\">cabina armadio di lusso<\/span><\/a><span style=\"font-weight: 400;\">; pu\u00f2 cercare tra le tante collezioni dedicate alla zona notte o richiedere un armadio su misura. Non ci sono limiti, se non i nostri bisogni, i nostri gusti e le nostre possibilit\u00e0 economiche, specialmente se stiamo parlando di arredamento personalizzato.\u00a0<\/span><\/p>\n<p><span style=\"font-weight: 400;\">L\u2019armadio (e gli altri mobili che hanno la funzione di \u201ccontenere\u201d) nasce per\u00f2 da esigenze specifiche e dal <\/span><b>bisogno di archiviare, immagazzinare e tenere al sicuro degli oggetti<\/b><span style=\"font-weight: 400;\">. Come si sono evolute poi queste esigenze, nel corso del tempo? E come si sono tradotte in decorazioni e in specifici stili di arredamento?\u00a0<\/span><\/p>\n<p><span style=\"font-weight: 400;\">Immaginiamo di avere una macchina del tempo e di iniziare un viaggio nella <\/span><b>storia dell\u2019arredamento<\/b><span style=\"font-weight: 400;\">, con la possibilit\u00e0 di ammirare da vicino questi mobili preziosi proprio nell&#8217;epoca in cui sono stati pensati, progettati e costruiti.\u00a0 Molti di questi oggetti d&#8217;arredo, per la loro cura e attenzione ai dettagli, sono molto apprezzati anche al giorno d&#8217;oggi: segno che, al di l\u00e0 dell&#8217;epoca e dell&#8217;influenza delle correnti artistiche, contribuiscono ancora a quell&#8217;idea di<\/span><i><span style=\"font-weight: 400;\"> timeless style<\/span><\/i><span style=\"font-weight: 400;\"> tanto cara a Cosy International.<\/span><\/p>\n<h2><span style=\"font-weight: 400;\">La Kibotos dell\u2019Antica Grecia<\/span><\/h2>\n<p><span style=\"font-weight: 400;\">La prima tappa del nostro viaggio nella storia dell\u2019arredamento comincia tra gli Antichi Greci. Questo non perch\u00e9 le civilt\u00e0 precedenti non avessero degli elementi d\u2019arredo propri, ma perch\u00e9 i mobili greci (che vennero comunque in parte ereditati dai popoli mesopotamici e dagli Egizi) vennero poi trasmessi e rielaborati nel corso dei secoli successivi.<\/span><\/p>\n<p>&nbsp;<\/p>\n<figure id=\"attachment_7689\" aria-describedby=\"caption-attachment-7689\" style=\"width: 800px\" class=\"wp-caption aligncenter\"><img loading=\"lazy\" decoding=\"async\" class=\"wp-image-7689\" src=\"https:\/\/cosyinternational.com\/wp-content\/uploads\/2023\/06\/klismos.jpg\" alt=\"klismos chair sedia\" width=\"800\" height=\"797\" srcset=\"https:\/\/cosyinternational.com\/wp-content\/uploads\/2023\/06\/klismos.jpg 800w, https:\/\/cosyinternational.com\/wp-content\/uploads\/2023\/06\/klismos-300x300.jpg 300w, https:\/\/cosyinternational.com\/wp-content\/uploads\/2023\/06\/klismos-150x150.jpg 150w, https:\/\/cosyinternational.com\/wp-content\/uploads\/2023\/06\/klismos-768x765.jpg 768w, https:\/\/cosyinternational.com\/wp-content\/uploads\/2023\/06\/klismos-558x556.jpg 558w, https:\/\/cosyinternational.com\/wp-content\/uploads\/2023\/06\/klismos-655x653.jpg 655w\" sizes=\"(max-width: 800px) 100vw, 800px\" \/><figcaption id=\"caption-attachment-7689\" class=\"wp-caption-text\">Piatto del 440-435 a.C. con il modello di sedia detto \u201cklismos\u201d<\/figcaption><\/figure>\n<p>&nbsp;<\/p>\n<p><span style=\"font-weight: 400;\">Possiamo dedurre che tipo di arredamento costruissero e usassero gli Antichi Greci a partire dalle scene che dipinsero sui vasi e scolpirono sui bassorilievi che ci sono arrivati fino ad oggi. \u00c8 possibile gi\u00e0 fare una prima distinzione tra i \u201cmobili che sostengono\u201d (come sedie e sedili) e i \u201cmobili che contengono\u201d (ad esempio la cassa che custodiva la biancheria). I primi avevano dei rimandi al <\/span><b>mondo naturale<\/b><span style=\"font-weight: 400;\"> e nello specifico animale, riscontrabili in particolare nelle gambe delle sedie a forma di zampe di leone, mentre i secondi si ispiravano alle <\/span><b>forme architettoniche<\/b><span style=\"font-weight: 400;\">: le casse contenitrici erano concepite come delle \u201cpiccole case\u201d.<\/span><\/p>\n<p><span style=\"font-weight: 400;\">La gi\u00e0 citata cassa per contenere la biancheria veniva chiamata \u201c<\/span><b>kibotos<\/b><span style=\"font-weight: 400;\">\u201d, traducibile come <\/span><b>cassa di legno, arca o armadio<\/b><span style=\"font-weight: 400;\">. Pausania, scrittore e geografo greco vissuto nel II secolo d.C., scrisse nella sua <\/span><i><span style=\"font-weight: 400;\">Periegesi della Grecia<\/span><\/i><span style=\"font-weight: 400;\"> di aver visitato l\u2019arca di Kypselos del santuario di Olimpia, un dono votivo la cui realizzazione viene fatta risalire al VI secolo a.C. L\u2019autore descrisse il mobile come un\u2019arca in legno di cedro, con fregi in avorio ed elementi in oro.<\/span><\/p>\n<p>&nbsp;<\/p>\n<figure id=\"attachment_7691\" aria-describedby=\"caption-attachment-7691\" style=\"width: 800px\" class=\"wp-caption aligncenter\"><img loading=\"lazy\" decoding=\"async\" class=\"wp-image-7691\" src=\"https:\/\/cosyinternational.com\/wp-content\/uploads\/2023\/06\/diphros.jpg\" alt=\"diphros history of interior design\" width=\"800\" height=\"629\" srcset=\"https:\/\/cosyinternational.com\/wp-content\/uploads\/2023\/06\/diphros.jpg 763w, https:\/\/cosyinternational.com\/wp-content\/uploads\/2023\/06\/diphros-300x236.jpg 300w, https:\/\/cosyinternational.com\/wp-content\/uploads\/2023\/06\/diphros-558x439.jpg 558w, https:\/\/cosyinternational.com\/wp-content\/uploads\/2023\/06\/diphros-655x515.jpg 655w\" sizes=\"(max-width: 800px) 100vw, 800px\" \/><figcaption id=\"caption-attachment-7691\" class=\"wp-caption-text\">Dettaglio di una coppa di vino che mostra un diphros con le gambe a forma di zampe di leone<\/figcaption><\/figure>\n<p>&nbsp;<\/p>\n<p><span style=\"font-weight: 400;\">Presso gli Antichi Greci i mobili pi\u00f9 interessanti erano per\u00f2 i sedili, distinguibili in tre tipi:<\/span><\/p>\n<ul>\n<li style=\"font-weight: 400;\" aria-level=\"1\"><span style=\"font-weight: 400;\">il <\/span><b>diphros<\/b><span style=\"font-weight: 400;\">, uno sgabello di origine egiziana o assira, privo di schienali e braccioli<\/span><\/li>\n<li style=\"font-weight: 400;\" aria-level=\"1\"><span style=\"font-weight: 400;\">il <\/span><b>thronos<\/b><span style=\"font-weight: 400;\">, una seduta di origine egizia destinata a dei, eroi ed aristocratici, dotata di braccioli, spalliera e predella<\/span><\/li>\n<li style=\"font-weight: 400;\" aria-level=\"1\"><span style=\"font-weight: 400;\">la <\/span><b>klismos<\/b><span style=\"font-weight: 400;\">, una sedia con quattro gambe a sciabola in cui le due posteriori si allungano per formare la spalliera<\/span><\/li>\n<\/ul>\n<p><span style=\"font-weight: 400;\">Un altro mobile greco antico era la <\/span><b>kline<\/b><span style=\"font-weight: 400;\">, un letto utilizzato sia per dormire che per mangiare durante i banchetti.<\/span><\/p>\n<h2><span style=\"font-weight: 400;\">L\u2019Armarium dei Romani<\/span><\/h2>\n<p><span style=\"font-weight: 400;\">Proseguiamo questa breve storia dell\u2019arredamento e dell\u2019armadio con gli Antichi Romani, che di base proseguirono la tradizione dei Greci, ma con mobili pi\u00f9 ricchi e sfarzosi. La parola \u201carmadio\u201d deriva proprio dal latino \u201c<\/span><b>armarium<\/b><span style=\"font-weight: 400;\">\u201d, che tra i Romani identificava una cassa con mensole interne, chiusa da ante frontali, che conteneva armi o altro genere di attrezzi.\u00a0<\/span><\/p>\n<p><span style=\"font-weight: 400;\">Tuttavia, come testimoniano le citt\u00e0 di Pompei ed Ercolano, l\u2019arredo degli Antichi Romani non era numeroso. Ogni angolo della casa veniva curato con attenzione, ma i mobili erano pochi e <\/span><b>per custodire i propri beni si preferiva utilizzare delle stanze<\/b><span style=\"font-weight: 400;\"> pensate per questo scopo, invece di contenitori realizzati ad hoc (anche se sono state ritrovate delle casseforti).<\/span><\/p>\n<p>&nbsp;<\/p>\n<figure id=\"attachment_7693\" aria-describedby=\"caption-attachment-7693\" style=\"width: 800px\" class=\"wp-caption aligncenter\"><img loading=\"lazy\" decoding=\"async\" class=\"wp-image-7693\" src=\"https:\/\/cosyinternational.com\/wp-content\/uploads\/2023\/06\/1_cassaforme-romana-pompei.jpg\" alt=\"cassaforte romana\" width=\"800\" height=\"662\" srcset=\"https:\/\/cosyinternational.com\/wp-content\/uploads\/2023\/06\/1_cassaforme-romana-pompei.jpg 550w, https:\/\/cosyinternational.com\/wp-content\/uploads\/2023\/06\/1_cassaforme-romana-pompei-300x248.jpg 300w\" sizes=\"(max-width: 800px) 100vw, 800px\" \/><figcaption id=\"caption-attachment-7693\" class=\"wp-caption-text\">Una cassaforte romana ritrovata a Pompei. Fonte: romanoimpero.com<\/figcaption><\/figure>\n<p>&nbsp;<\/p>\n<p><span style=\"font-weight: 400;\">Un aspetto interessante dei Romani riguarda la kline. Se per i Greci il suo utilizzo era indifferenziato per il riposo e i banchetti, i Romani invece hanno tre tipologie di letto:<\/span><\/p>\n<ul>\n<li style=\"font-weight: 400;\" aria-level=\"1\"><span style=\"font-weight: 400;\">il <\/span><b>lectus cufficularis<\/b><span style=\"font-weight: 400;\">, per dormire<\/span><\/li>\n<li style=\"font-weight: 400;\" aria-level=\"1\"><span style=\"font-weight: 400;\">il <\/span><b>lectus lucubratorius<\/b><span style=\"font-weight: 400;\">, dedicato allo studio e alla lettura<\/span><\/li>\n<li style=\"font-weight: 400;\" aria-level=\"1\"><span style=\"font-weight: 400;\">il<\/span><b> lectus triclinaris<\/b><span style=\"font-weight: 400;\">, usato per i banchetti (venivano usati tre letti, uno per ogni lato della stanza)<\/span><\/li>\n<\/ul>\n<p><span style=\"font-weight: 400;\">L\u2019uso del letto era molto differenziato, a seconda di <\/span><b>et\u00e0, sesso e condizione sociale<\/b><span style=\"font-weight: 400;\">. Ad esempio, i figli del capofamiglia e i servi non potevano mangiare sdraiati sul lectus, ma dovevano sedersi presso un tavolo su appositi sgabelli.<\/span><\/p>\n<h2><span style=\"font-weight: 400;\">Il Medioevo, l\u2019epoca della cassapanca<\/span><\/h2>\n<p><span style=\"font-weight: 400;\">Il Medioevo \u00e8 un\u2019et\u00e0 lunghissima, a sua volta formata da periodi storici molto diversi tra loro e quindi con stili di arredamento distinti.<\/span><span style=\"font-weight: 400;\"><br \/>\n<\/span><span style=\"font-weight: 400;\">Quest\u2019epoca si apr\u00ec con i primi secoli del Cristianesimo, che divise l\u2019arredamento in due tendenze: da un lato c\u2019era la volont\u00e0 di preferire <\/span><b>mobili semplici ed essenziali<\/b><span style=\"font-weight: 400;\">, pi\u00f9 coerenti con la nuova morale religiosa, dall\u2019altro la <\/span><b>sfarzosit\u00e0 dell\u2019arredo bizantino<\/b><span style=\"font-weight: 400;\">, caratterizzato dall\u2019uso di materiali e stoffe preziose. Questo lo possiamo dedurre non tanto dai pezzi autentici sopravvissuti fino ad oggi (pochissimi, come la cattedra vescovile di Massimiano del Museo Arcivescovile di Ravenna), ma dalle pitture e sculture del periodo.<\/span><\/p>\n<p><span style=\"font-weight: 400;\">Anche dei mobili dell\u2019Alto Medioevo non sappiamo molto, anche se sono sopravvissuti ai secoli alcuni oggetti metallici come chiavi, serrature e cerniere, realizzate da artigiani esperti. Pare che mai come in quest\u2019epoca i mobili siano stati davvero \u201cmobili\u201d: a causa del carattere itinerante della corte medievale, che si spostava con il proprio signore di castello in castello, erano pi\u00f9 adatti <\/span><b>arredi di facile trasportabilit\u00e0<\/b><span style=\"font-weight: 400;\">. Probabilmente i castelli di questo periodo non avevano un vero e proprio arredamento fisso, ad eccezione di pochi pezzi, come il trono e il letto.<\/span><\/p>\n<p>&nbsp;<\/p>\n<figure id=\"attachment_7697\" aria-describedby=\"caption-attachment-7697\" style=\"width: 800px\" class=\"wp-caption aligncenter\"><img loading=\"lazy\" decoding=\"async\" class=\"wp-image-7697 size-full\" src=\"https:\/\/cosyinternational.com\/wp-content\/uploads\/2023\/06\/trono-di-dagoberto-1.jpg\" alt=\"trono di dagoberto chair\" width=\"800\" height=\"1214\" srcset=\"https:\/\/cosyinternational.com\/wp-content\/uploads\/2023\/06\/trono-di-dagoberto-1.jpg 800w, https:\/\/cosyinternational.com\/wp-content\/uploads\/2023\/06\/trono-di-dagoberto-1-198x300.jpg 198w, https:\/\/cosyinternational.com\/wp-content\/uploads\/2023\/06\/trono-di-dagoberto-1-675x1024.jpg 675w, https:\/\/cosyinternational.com\/wp-content\/uploads\/2023\/06\/trono-di-dagoberto-1-768x1165.jpg 768w, https:\/\/cosyinternational.com\/wp-content\/uploads\/2023\/06\/trono-di-dagoberto-1-558x847.jpg 558w, https:\/\/cosyinternational.com\/wp-content\/uploads\/2023\/06\/trono-di-dagoberto-1-655x994.jpg 655w\" sizes=\"(max-width: 800px) 100vw, 800px\" \/><figcaption id=\"caption-attachment-7697\" class=\"wp-caption-text\">Il cosiddetto Trono di Dagoberto, conservato presso il Cabinet des m\u00e9dailles della Biblioteca Nazionale di Francia<\/figcaption><\/figure>\n<p>&nbsp;<\/p>\n<p><span style=\"font-weight: 400;\">Il mobile protagonista del Medioevo era sicuramente la<\/span><b> cassapanca<\/b><span style=\"font-weight: 400;\">, utilissima per contenere tutto ci\u00f2 che serviva e usata di fatto come baule di viaggio. Molti pezzi d\u2019arredo venivano concepiti in modo che fossero facilmente imballati, come <\/span><b>mobili pieghevoli<\/b><span style=\"font-weight: 400;\"> e sedie a x. Anche le sedute di alta rappresentanza, destinate a sovrani, pontefici e magistrati, erano pensate per essere trasportabili.<\/span><\/p>\n<p><span style=\"font-weight: 400;\">Qualcosa cominci\u00f2 a cambiare in epoca carolingia, durante la quale tornarono alcuni elementi d\u2019arredo del mondo classico e si diffusero pi\u00f9 tipologie di tavoli, da quelli quadrangolari per l\u2019uso comune (smontabili anch\u2019essi) a quelli tondi e monumentali.\u00a0<\/span><\/p>\n<p><span style=\"font-weight: 400;\">Passando ai mobili contenitori, un esempio che \u00e8 sopravvissuto fino ai giorni nostri \u00e8 la <\/span><b>Cassa di Terracina<\/b><span style=\"font-weight: 400;\">, custodita all\u2019interno del Palazzo di Venezia a Roma. Si tratta di un oggetto della met\u00e0 dell&#8217;XI secolo che aveva lo scopo di contenere documenti ecclesiastici. Osservandola, si possono distinguere nello stile influenze longobarde e normanne, bizantine e arabe, tutte culture che ebbero un importante ruolo nel Lazio dell\u2019epoca.<\/span><\/p>\n<p>&nbsp;<\/p>\n<figure id=\"attachment_7699\" aria-describedby=\"caption-attachment-7699\" style=\"width: 800px\" class=\"wp-caption aligncenter\"><img loading=\"lazy\" decoding=\"async\" class=\"wp-image-7699\" src=\"https:\/\/cosyinternational.com\/wp-content\/uploads\/2023\/06\/3_cassa-di-terracina.jpg\" alt=\"cassa di terracina\" width=\"800\" height=\"498\" srcset=\"https:\/\/cosyinternational.com\/wp-content\/uploads\/2023\/06\/3_cassa-di-terracina.jpg 400w, https:\/\/cosyinternational.com\/wp-content\/uploads\/2023\/06\/3_cassa-di-terracina-300x187.jpg 300w\" sizes=\"(max-width: 800px) 100vw, 800px\" \/><figcaption id=\"caption-attachment-7699\" class=\"wp-caption-text\">La Cassa di Terracina. Fonte: agoraregionelazio.com<\/figcaption><\/figure>\n<p>&nbsp;<\/p>\n<p><span style=\"font-weight: 400;\">Non si pu\u00f2 poi parlare di Basso Medioevo senza citare lo stile Gotico, che caratterizz\u00f2 tutta l\u2019Europa dal XIII secolo fino al Rinascimento (in Francia anche prima). La stretta relazione che si cre\u00f2 tra architettura e arredamento permise la realizzazione di mobili pi\u00f9 ricchi, a partire dal <\/span><b>letto a baldacchino<\/b><span style=\"font-weight: 400;\">. Si continuarono a produrre sempre pi\u00f9 casse, cassapanche e armadi, anche se per lungo tempo uno dei pochi arredi fissi dell\u2019abitazione tipica medievale rimase comunque il <\/span><b>camino<\/b><span style=\"font-weight: 400;\">. Questo anche perch\u00e9 nelle case non si aveva ancora una vera e propria <\/span><b>specializzazione degli ambienti<\/b><span style=\"font-weight: 400;\">, cosa che invece cominci\u00f2 nei monasteri (in cui, ad esempio, la cucina era separata dal resto). In et\u00e0 gotica comunque anche le abitazioni borghesi iniziarono a strutturarsi in modo diverso, con camere da letto, sale da pranzo, stanza da ricevimento e da studio.<\/span><\/p>\n<p><span style=\"font-weight: 400;\">E l\u2019armadio, invece?<\/span><span style=\"font-weight: 400;\"><br \/>\n<\/span><span style=\"font-weight: 400;\">Nel Medioevo sopravvisse la parola latina \u201carmarium\u201d, con la quale si indicava un <\/span><b>vano ricavato dal muro<\/b><span style=\"font-weight: 400;\">, protetto prima da un telaio in legno con una tenda e successivamente da una porta in legno. In seguito nelle sagrestie queste nicchie si evolsero in veri e propri mobili autonomi in cui venivano custoditi gli oggetti liturgici. Erano pi\u00f9 simili ai nostri armadi, ma bisogner\u00e0 aspettare il Quattrocento prima che si diffondessero anche in ambito domestico.<\/span><\/p>\n<p>&nbsp;<\/p>\n<figure id=\"attachment_7701\" aria-describedby=\"caption-attachment-7701\" style=\"width: 800px\" class=\"wp-caption aligncenter\"><img loading=\"lazy\" decoding=\"async\" class=\"wp-image-7701 size-full\" src=\"https:\/\/cosyinternational.com\/wp-content\/uploads\/2023\/06\/2_armarium-monastero.jpg\" alt=\"armarium history of interior design\" width=\"800\" height=\"1067\" srcset=\"https:\/\/cosyinternational.com\/wp-content\/uploads\/2023\/06\/2_armarium-monastero.jpg 800w, https:\/\/cosyinternational.com\/wp-content\/uploads\/2023\/06\/2_armarium-monastero-225x300.jpg 225w, https:\/\/cosyinternational.com\/wp-content\/uploads\/2023\/06\/2_armarium-monastero-768x1024.jpg 768w, https:\/\/cosyinternational.com\/wp-content\/uploads\/2023\/06\/2_armarium-monastero-558x744.jpg 558w, https:\/\/cosyinternational.com\/wp-content\/uploads\/2023\/06\/2_armarium-monastero-655x874.jpg 655w\" sizes=\"(max-width: 800px) 100vw, 800px\" \/><figcaption id=\"caption-attachment-7701\" class=\"wp-caption-text\">Un armarium del Monastero de la Oliva a Carcastillo, in Spagna<\/figcaption><\/figure>\n<h2><\/h2>\n<h2><span style=\"font-weight: 400;\">L\u2019arredamento rinascimentale e i suoi cassoni nuziali<\/span><\/h2>\n<p><span style=\"font-weight: 400;\">Entriamo nel vivo di questa storia dell\u2019arredamento con il periodo cosiddetto rinascimentale, in cui <\/span><b>Firenze<\/b><span style=\"font-weight: 400;\"> ebbe un ruolo fondamentale. In questa citt\u00e0 emerse un profondo interesse per gli Antichi Greci e Romani, nonch\u00e9 una nuova attenzione per la rappresentazione del corpo umano (con l\u2019anatomia) e degli spazi (con la prospettiva). L\u2019Italia venne riconosciuta come erede diretta di quel rigore e di quella razionalit\u00e0 associati alla cultura classica. Ma, prima ancora di diventare una citt\u00e0-guida per quanto riguardava l\u2019arte e la cultura, Firenze nel Basso Medioevo si era trasformata in una potenza economica e commerciale, con una fiorente <\/span><b>borghesia cittadina<\/b><span style=\"font-weight: 400;\"> che divenne la nuova committenza di riferimento delle botteghe artigiane. Nacquero le sette corporazioni delle<\/span><b> Arti Maggiori<\/b><span style=\"font-weight: 400;\"> e le quattordici delle <\/span><b>Arti Minori<\/b><span style=\"font-weight: 400;\">, tra cui l\u2019<\/span><b>Arte dei Legnaioli<\/b><span style=\"font-weight: 400;\">.<\/span><\/p>\n<p>&nbsp;<\/p>\n<figure id=\"attachment_7703\" aria-describedby=\"caption-attachment-7703\" style=\"width: 800px\" class=\"wp-caption aligncenter\"><img loading=\"lazy\" decoding=\"async\" class=\"wp-image-7703\" src=\"https:\/\/cosyinternational.com\/wp-content\/uploads\/2023\/06\/stemma-dei-legnaioli.jpg\" alt=\"stemma dei legnaioli\" width=\"800\" height=\"904\" srcset=\"https:\/\/cosyinternational.com\/wp-content\/uploads\/2023\/06\/stemma-dei-legnaioli.jpg 462w, https:\/\/cosyinternational.com\/wp-content\/uploads\/2023\/06\/stemma-dei-legnaioli-266x300.jpg 266w\" sizes=\"(max-width: 800px) 100vw, 800px\" \/><figcaption id=\"caption-attachment-7703\" class=\"wp-caption-text\">Lo stemma dei Legnaioli<\/figcaption><\/figure>\n<p>&nbsp;<\/p>\n<p><span style=\"font-weight: 400;\">Queste corporazioni vennero fondate con l\u2019obiettivo di assicurare ai propri soci costanti entrate di lavoro e un sistema di regole che evitava la concorrenza e le ingiustizie. Questo valeva anche per l\u2019Arte dei Legnaioli, sottoposta ad una serie di regole. Ad esempio, venivano distinti i \u201c<\/span><b>mobili di foggia<\/b><span style=\"font-weight: 400;\">\u201d, pezzi d\u2019arredo \u201cstandard\u201d che rispettavano le forme e le misure decise dalla corporazione, e i \u201c<\/span><b>mobili sfoggiati<\/b><span style=\"font-weight: 400;\">\u201d, pi\u00f9 costosi perch\u00e9 uscivano dal canone ed erano destinati ai committenti pi\u00f9 esigenti. Per realizzare mobili di questo tipo, addirittura la bottega doveva chiedere il permesso alla corporazione e pagare una tassa apposita. <\/span><span style=\"font-weight: 400;\"><br \/>\n<\/span><span style=\"font-weight: 400;\">Se ci pensiamo, questa distinzione tra \u201cmobili di foggia\u201d e \u201cmobili sfoggiati\u201d non \u00e8 poi cos\u00ec diversa da quella che abbiamo oggi tra guardaroba \u201cstandard\u201d e <\/span><a href=\"https:\/\/cosyinternational.com\/it\/cabine-armadio-su-misura\/\"><span style=\"font-weight: 400;\">armadi o cabine armadio custom<\/span><\/a><span style=\"font-weight: 400;\">.<\/span><\/p>\n<p><span style=\"font-weight: 400;\">Queste norme garantivano da una parte uniformit\u00e0 nei prodotti ed equilibrio tra i componenti dell\u2019Arte, ma dall\u2019altra era anche un limite. Non a caso questa regola venne cancellata proprio durante il Quattrocento, dato che <\/span><b>continuava a crescere la domanda di mobili sempre pi\u00f9 lussuosi<\/b><span style=\"font-weight: 400;\">. Questo permise di distaccarsi dalla tradizione e di sperimentare un nuovo stile, che oggi identifichiamo come arredamento rinascimentale. Certo, il gusto medievale non spar\u00ec da un giorno all\u2019altro (soprattutto per quanto riguardava le sedie e gli altri \u201cmobili sostenitori\u201d), ma si diffuse una nuova concezione di mobile.<\/span><\/p>\n<p><span style=\"font-weight: 400;\">Nel Quattrocento l\u2019arredo si ispir\u00f2 alle forme architettoniche classiche. L\u2019architettura era un punto di riferimento obbligato, del resto, dato che non si avevano a disposizione i pezzi autentici costruiti da Greci e Romani. A subire questa influenza furono soprattutto i cassoni, gli armadi e le cassapanche, che tra la fine del Medioevo e l\u2019inizio del Rinascimento persero la loro funzione \u201ctrasportabile\u201d e diventarono dei veri e propri mobili, con decorazioni a pittura o tarsia. I cassoni in particolare divennero cos\u00ec popolari da diventare un tradizionale regalo di nozze: erano i cosiddetti <\/span><b>cassoni nuziali<\/b><span style=\"font-weight: 400;\">.<\/span><\/p>\n<p>&nbsp;<\/p>\n<figure id=\"attachment_7705\" aria-describedby=\"caption-attachment-7705\" style=\"width: 600px\" class=\"wp-caption aligncenter\"><img loading=\"lazy\" decoding=\"async\" class=\"wp-image-7705\" src=\"https:\/\/cosyinternational.com\/wp-content\/uploads\/2023\/06\/4_cassone-morelli.jpg\" alt=\"renaissance furniture\" width=\"600\" height=\"518\" srcset=\"https:\/\/cosyinternational.com\/wp-content\/uploads\/2023\/06\/4_cassone-morelli.jpg 500w, https:\/\/cosyinternational.com\/wp-content\/uploads\/2023\/06\/4_cassone-morelli-300x259.jpg 300w\" sizes=\"(max-width: 600px) 100vw, 600px\" \/><figcaption id=\"caption-attachment-7705\" class=\"wp-caption-text\">Un cassone nuziale, chiamato Cassone Morelli, realizzato nel 1472. Fonte: artslife.com<\/figcaption><\/figure>\n<p>&nbsp;<\/p>\n<p><span style=\"font-weight: 400;\">Alcuni elementi decorativi erano gi\u00e0 presenti nel Trecento, soprattutto geometrici, ma con il nuovo secolo si preferirono le<\/span><b> pitture narrative<\/b><span style=\"font-weight: 400;\">, cio\u00e8 che raccontavano storie, sia antiche che contemporanee. Per i cassoni nuziali ad andare per la maggiore erano le storie d\u2019amore della mitologia greca e romana.<\/span><\/p>\n<p><span style=\"font-weight: 400;\">Anche la <\/span><b>tarsia<\/b><span style=\"font-weight: 400;\"> ebbe un largo successo come decorazione dei cassoni e di altri mobili. Questa tecnica, padroneggiata dall\u2019Arte dei Legnaioli, consisteva nell\u2019incollare lamine di legno di diverse essenze, o colorate artificialmente, in modo da creare un\u2019alternanza di zone chiare e scure all\u2019interno della decorazione. Uno degli esempi pi\u00f9 pregevoli di questa tecnica \u00e8 lo Studiolo di Federico da Montefeltro nel Palazzo Ducale di Urbino.<\/span><\/p>\n<p>&nbsp;<\/p>\n<figure id=\"attachment_7708\" aria-describedby=\"caption-attachment-7708\" style=\"width: 800px\" class=\"wp-caption aligncenter\"><img loading=\"lazy\" decoding=\"async\" class=\"wp-image-7708\" src=\"https:\/\/cosyinternational.com\/wp-content\/uploads\/2023\/06\/studiolo-del-duca-al-palazzo-ducale-di-urbino.jpg\" alt=\"storia dell'arredamento\" width=\"800\" height=\"638\" srcset=\"https:\/\/cosyinternational.com\/wp-content\/uploads\/2023\/06\/studiolo-del-duca-al-palazzo-ducale-di-urbino.jpg 1024w, https:\/\/cosyinternational.com\/wp-content\/uploads\/2023\/06\/studiolo-del-duca-al-palazzo-ducale-di-urbino-300x239.jpg 300w, https:\/\/cosyinternational.com\/wp-content\/uploads\/2023\/06\/studiolo-del-duca-al-palazzo-ducale-di-urbino-768x613.jpg 768w, https:\/\/cosyinternational.com\/wp-content\/uploads\/2023\/06\/studiolo-del-duca-al-palazzo-ducale-di-urbino-806x643.jpg 806w, https:\/\/cosyinternational.com\/wp-content\/uploads\/2023\/06\/studiolo-del-duca-al-palazzo-ducale-di-urbino-558x445.jpg 558w, https:\/\/cosyinternational.com\/wp-content\/uploads\/2023\/06\/studiolo-del-duca-al-palazzo-ducale-di-urbino-655x523.jpg 655w\" sizes=\"(max-width: 800px) 100vw, 800px\" \/><figcaption id=\"caption-attachment-7708\" class=\"wp-caption-text\">Lo Studiolo di Federico da Montefeltro, realizzato tra il 1473 e il 1476<\/figcaption><\/figure>\n<p>&nbsp;<\/p>\n<p><span style=\"font-weight: 400;\">Nel Quattrocento si affermarono altre tipologie di mobili, come la credenza (usata per conservare cibi e bevande gi\u00e0 pronte) e la libreria.<\/span><\/p>\n<h2><span style=\"font-weight: 400;\">Il Cinquecento tra grottesche e pietre dure<\/span><\/h2>\n<p><span style=\"font-weight: 400;\">Nel secolo successivo Firenze continu\u00f2 ad avere un ruolo fondamentale, ma ad essa si affiancarono altre citt\u00e0 influenti, prime tra tutte <\/span><b>Venezia, Roma e Ferrara<\/b><span style=\"font-weight: 400;\">. La cultura artistica rivoluzionaria del Quattrocento si istituzionalizz\u00f2, andando a far parte dei manuali ufficiali.\u00a0<\/span><\/p>\n<p><span style=\"font-weight: 400;\">Parlando di arredamento, una delle caratteristiche pi\u00f9 importanti dell\u2019arredo cinquecentesco \u00e8 l\u2019<\/span><b>uso delle grottesche<\/b><span style=\"font-weight: 400;\"> nelle decorazioni (tipiche della pittura romana all\u2019epoca dell\u2019imperatore Augusto). Le grottesche sono elementi che si rifanno all\u2019immaginario dell\u2019epoca classica e di solito rappresentano animali e figure mostruose insieme a decorazioni naturalistiche o geometriche: ritroviamo chimere, sfingi, delfini, putti, ecc\u2026<\/span><\/p>\n<figure id=\"attachment_7710\" aria-describedby=\"caption-attachment-7710\" style=\"width: 600px\" class=\"wp-caption aligncenter\"><img loading=\"lazy\" decoding=\"async\" class=\"wp-image-7710 size-full\" src=\"https:\/\/cosyinternational.com\/wp-content\/uploads\/2023\/06\/5_-cassone-cinquecento.jpg\" alt=\"cassone cinquecento\" width=\"600\" height=\"312\" srcset=\"https:\/\/cosyinternational.com\/wp-content\/uploads\/2023\/06\/5_-cassone-cinquecento.jpg 600w, https:\/\/cosyinternational.com\/wp-content\/uploads\/2023\/06\/5_-cassone-cinquecento-300x156.jpg 300w, https:\/\/cosyinternational.com\/wp-content\/uploads\/2023\/06\/5_-cassone-cinquecento-558x290.jpg 558w\" sizes=\"(max-width: 600px) 100vw, 600px\" \/><figcaption id=\"caption-attachment-7710\" class=\"wp-caption-text\">Cassone con intagli e parti dorate, realizzato intorno al 1570 a Venezia. Fonte: antiquanuovaserie.it<\/figcaption><\/figure>\n<p>&nbsp;<\/p>\n<p><span style=\"font-weight: 400;\">Questo gusto per le grottesche si trovava nelle decorazioni dei cassoni e altri oggetti d\u2019arredo, decorazioni che nel Cinquecento cominciarono ad essere pi\u00f9 intagliate che dipinte. In particolare il cassone, nato come mobile pratico e funzionale, raggiunse il suo momento di massima decorazione, per poi raggiungere paradossalmente il proprio periodo di decadenza.<\/span><\/p>\n<p><span style=\"font-weight: 400;\">Segnaliamo inoltre la fondazione dell\u2019<\/span><b>Opificio delle pietre dure<\/b><span style=\"font-weight: 400;\"> di Firenze, voluto dal granduca Ferdinando I de\u2019 Medici nel 1588. Questa istituzione, come suggerisce il nome, si occupava della realizzazione di opere in pietre dure e arredi decorati con intarsi di pietre semipreziose.<\/span><\/p>\n<h2><span style=\"font-weight: 400;\">Il Barocco dello Stile Luigi XIV<\/span><\/h2>\n<p><span style=\"font-weight: 400;\">Il Seicento segn\u00f2 un periodo di rottura con le epoche che abbiamo appena visto, dato che le citt\u00e0 italiane smisero di avere l\u2019influenza egemone che avevano avuto prima (anche se continuarono ad avere un ruolo importante). Questo, ovviamente, vale anche per la storia dell\u2019arredamento, in cui abbiamo due poli fondamentali: la <\/span><b>Roma barocca dei Papi<\/b><span style=\"font-weight: 400;\"> e la <\/span><b>Parigi di Luigi XIV<\/b><span style=\"font-weight: 400;\">, il Re Sole.<\/span><\/p>\n<p>&nbsp;<\/p>\n<figure id=\"attachment_7712\" aria-describedby=\"caption-attachment-7712\" style=\"width: 800px\" class=\"wp-caption aligncenter\"><img loading=\"lazy\" decoding=\"async\" class=\"wp-image-7712 size-full\" src=\"https:\/\/cosyinternational.com\/wp-content\/uploads\/2023\/06\/salone-di-venere-della-reggia-di-versailles.jpg\" alt=\"louis xiv style\" width=\"800\" height=\"792\" srcset=\"https:\/\/cosyinternational.com\/wp-content\/uploads\/2023\/06\/salone-di-venere-della-reggia-di-versailles.jpg 800w, https:\/\/cosyinternational.com\/wp-content\/uploads\/2023\/06\/salone-di-venere-della-reggia-di-versailles-300x297.jpg 300w, https:\/\/cosyinternational.com\/wp-content\/uploads\/2023\/06\/salone-di-venere-della-reggia-di-versailles-150x150.jpg 150w, https:\/\/cosyinternational.com\/wp-content\/uploads\/2023\/06\/salone-di-venere-della-reggia-di-versailles-768x760.jpg 768w, https:\/\/cosyinternational.com\/wp-content\/uploads\/2023\/06\/salone-di-venere-della-reggia-di-versailles-558x552.jpg 558w, https:\/\/cosyinternational.com\/wp-content\/uploads\/2023\/06\/salone-di-venere-della-reggia-di-versailles-655x648.jpg 655w\" sizes=\"(max-width: 800px) 100vw, 800px\" \/><figcaption id=\"caption-attachment-7712\" class=\"wp-caption-text\">Il Salone di Venere della Reggia di Versailles<\/figcaption><\/figure>\n<p>&nbsp;<\/p>\n<p><span style=\"font-weight: 400;\">Avvenne un importante cambiamento di tendenza: se durante il Rinascimento l\u2019arredo si ispirava all\u2019architettura, nel Seicento si rifece maggiormente alla <\/span><b>scultura<\/b><span style=\"font-weight: 400;\">. Infatti il mobile rinascimentale era composto da diversi pezzi ed elementi ben distinti che andavano poi assemblati insieme, mentre invece il mobile barocco tendeva ad essere il risultato dell\u2019elaborazione di un unico blocco originario, proprio come accade in scultura. Questo valse soprattutto per i mobili del Barocco romano, in cui anche la stessa decorazione si fece pi\u00f9 organica. In generale gli elementi decorativi pi\u00f9 diffusi furono<\/span><b> la conchiglia e le foglie di palma<\/b><span style=\"font-weight: 400;\">, seguite da putti, ninfe, satiri, creature fantastiche (sfingi, grifoni, draghi, ecc\u2026), animali (leoni, insetti, serpenti, ecc\u2026), fiori e frutta.\u00a0<\/span><\/p>\n<p><span style=\"font-weight: 400;\">Un\u2019altra importante caratteristica del Barocco di Roma, che si diffuse in tutta Europa, fu l\u2019<\/span><b>uso delle dorature<\/b><span style=\"font-weight: 400;\"> per impreziosire ancora di pi\u00f9 i mobili. Anche lo stile seicentesco che prende il nome dal Re Sole, lo <\/span><b>Stile Luigi XIV<\/b><span style=\"font-weight: 400;\">, fece propria questa particolarit\u00e0. <\/span><span style=\"font-weight: 400;\"><br \/>\n<\/span><span style=\"font-weight: 400;\">Con Luigi XIV inizi\u00f2 ufficialmente in Francia l\u2019epoca dell\u2019<\/span><b>assolutismo monarchico<\/b><span style=\"font-weight: 400;\">, il quale si manifestava anche nelle arti e nell\u2019arredamento. Il sovrano e i suoi consiglieri addirittura ostacolarono il mecenatismo e le committenze dei borghesi benestanti per fare in modo che l\u2019arte riconosciuta come nazionale venisse commissionata esclusivamente dal re. Non a caso nel 1648 venne fondata l\u2019<\/span><i><span style=\"font-weight: 400;\">Acad\u00e9mie royale de peinture et de sculpture<\/span><\/i><span style=\"font-weight: 400;\">, che aveva lo scopo di fissare le nuove regole del gusto.<\/span><\/p>\n<p>&nbsp;<\/p>\n<figure id=\"attachment_7714\" aria-describedby=\"caption-attachment-7714\" style=\"width: 800px\" class=\"wp-caption aligncenter\"><img loading=\"lazy\" decoding=\"async\" class=\"wp-image-7714\" src=\"https:\/\/cosyinternational.com\/wp-content\/uploads\/2023\/06\/tavolo-di-boulle.jpg\" alt=\"tavolo di boulle\" width=\"800\" height=\"579\" srcset=\"https:\/\/cosyinternational.com\/wp-content\/uploads\/2023\/06\/tavolo-di-boulle.jpg 1024w, https:\/\/cosyinternational.com\/wp-content\/uploads\/2023\/06\/tavolo-di-boulle-300x217.jpg 300w, https:\/\/cosyinternational.com\/wp-content\/uploads\/2023\/06\/tavolo-di-boulle-768x556.jpg 768w, https:\/\/cosyinternational.com\/wp-content\/uploads\/2023\/06\/tavolo-di-boulle-806x583.jpg 806w, https:\/\/cosyinternational.com\/wp-content\/uploads\/2023\/06\/tavolo-di-boulle-558x404.jpg 558w, https:\/\/cosyinternational.com\/wp-content\/uploads\/2023\/06\/tavolo-di-boulle-655x474.jpg 655w\" sizes=\"(max-width: 800px) 100vw, 800px\" \/><figcaption id=\"caption-attachment-7714\" class=\"wp-caption-text\">Tavolo di Andr\u00e9-Charles Boulle, realizzato nel 1670-80<\/figcaption><\/figure>\n<p>&nbsp;<\/p>\n<p><span style=\"font-weight: 400;\">Lo Stile Luigi XIV fu caratterizzato da una certa variet\u00e0 coloristica, riscontrabile nell\u2019uso di varie essenze di legno e nell\u2019impiego di <\/span><b>colori vivaci<\/b><span style=\"font-weight: 400;\"> come rosso, verde, argento e oro. La policromia veniva data anche attraverso gli intarsi e l\u2019impiego di pietre dure. Nelle decorazioni erano diffuse, oltre alle gi\u00e0 citate conchiglie, le foglie d\u2019acanto e i viticci.<\/span><\/p>\n<p><span style=\"font-weight: 400;\">Parlando nello specifico dell\u2019armadio, questo divent\u00f2 sempre <\/span><b>pi\u00f9 pesante e decorato <\/b><span style=\"font-weight: 400;\">con satiri, fanciulli e giganti, i quali svolgevano spesso la funzione di elementi portanti. Curiosamente, era l\u2019unico elemento d\u2019arredo a non presentare delle superfici curve, al contrario del resto dell\u2019arredamento Luigi XIV.<\/span><\/p>\n<p><span style=\"font-weight: 400;\">Il pi\u00f9 celebre mobiliere di quest\u2019epoca fu sicuramente <\/span><b>Andr\u00e9-Charles Boulle<\/b><span style=\"font-weight: 400;\"> (1642-1732), che nel 1673 divenne l\u2019ebanista ufficiale del re. Nel corso della sua vita realizz\u00f2 molti dei mobili della reggia di Versailles e lavor\u00f2 anche per altre importanti corti europee, diventando particolarmente apprezzato per la sua tecnica di intarsi con ottone dorato e lamina di tartaruga.<\/span><\/p>\n<p>&nbsp;<\/p>\n<figure id=\"attachment_7716\" aria-describedby=\"caption-attachment-7716\" style=\"width: 800px\" class=\"wp-caption aligncenter\"><img loading=\"lazy\" decoding=\"async\" class=\"wp-image-7716 size-full\" src=\"https:\/\/cosyinternational.com\/wp-content\/uploads\/2023\/06\/6_armadio-boulle.jpg\" alt=\"history of interior design\" width=\"800\" height=\"1171\" srcset=\"https:\/\/cosyinternational.com\/wp-content\/uploads\/2023\/06\/6_armadio-boulle.jpg 800w, https:\/\/cosyinternational.com\/wp-content\/uploads\/2023\/06\/6_armadio-boulle-205x300.jpg 205w, https:\/\/cosyinternational.com\/wp-content\/uploads\/2023\/06\/6_armadio-boulle-700x1024.jpg 700w, https:\/\/cosyinternational.com\/wp-content\/uploads\/2023\/06\/6_armadio-boulle-768x1124.jpg 768w, https:\/\/cosyinternational.com\/wp-content\/uploads\/2023\/06\/6_armadio-boulle-558x817.jpg 558w, https:\/\/cosyinternational.com\/wp-content\/uploads\/2023\/06\/6_armadio-boulle-655x959.jpg 655w\" sizes=\"(max-width: 800px) 100vw, 800px\" \/><figcaption id=\"caption-attachment-7716\" class=\"wp-caption-text\">Armadio realizzato da Andr\u00e9-Charles Boulle<\/figcaption><\/figure>\n<h2><\/h2>\n<h2><span style=\"font-weight: 400;\">Lo Stile Luigi XV e gli altri stili del Settecento<\/span><\/h2>\n<p><span style=\"font-weight: 400;\">Con il Settecento, la<\/span><b> Francia<\/b><span style=\"font-weight: 400;\"> divent\u00f2 il paese-guida di tutta la cultura europea. Tuttavia, questo secolo segn\u00f2 anche il tramonto dell\u2019assolutismo e l\u2019ascesa di una ricca e potente borghesia. Le cose cambiarono anche nel campo dell\u2019arredamento, anche prima della Rivoluzione Francese. Lo stile monumentale della vita di corte seicentesca sfum\u00f2 a favore dell\u2019imporsi dei salotti settecenteschi, che richiedevano <\/span><b>ambienti pi\u00f9 piccoli, comodi e intimi<\/b><span style=\"font-weight: 400;\">. In quest\u2019epoca i mobili e gli spazi in cui erano inseriti si ridimensionarono per soddisfare i reali bisogni di comfort e lusso delle classi dominanti.<\/span><\/p>\n<p>&nbsp;<\/p>\n<figure id=\"attachment_7718\" aria-describedby=\"caption-attachment-7718\" style=\"width: 800px\" class=\"wp-caption aligncenter\"><img loading=\"lazy\" decoding=\"async\" class=\"wp-image-7718\" src=\"https:\/\/cosyinternational.com\/wp-content\/uploads\/2023\/06\/7_cassettiera-reggenza.jpg\" alt=\"storia dell'arredamento\" width=\"800\" height=\"499\" srcset=\"https:\/\/cosyinternational.com\/wp-content\/uploads\/2023\/06\/7_cassettiera-reggenza.jpg 1280w, https:\/\/cosyinternational.com\/wp-content\/uploads\/2023\/06\/7_cassettiera-reggenza-300x187.jpg 300w, https:\/\/cosyinternational.com\/wp-content\/uploads\/2023\/06\/7_cassettiera-reggenza-1024x638.jpg 1024w, https:\/\/cosyinternational.com\/wp-content\/uploads\/2023\/06\/7_cassettiera-reggenza-768x479.jpg 768w, https:\/\/cosyinternational.com\/wp-content\/uploads\/2023\/06\/7_cassettiera-reggenza-1116x696.jpg 1116w, https:\/\/cosyinternational.com\/wp-content\/uploads\/2023\/06\/7_cassettiera-reggenza-806x502.jpg 806w, https:\/\/cosyinternational.com\/wp-content\/uploads\/2023\/06\/7_cassettiera-reggenza-558x348.jpg 558w, https:\/\/cosyinternational.com\/wp-content\/uploads\/2023\/06\/7_cassettiera-reggenza-655x408.jpg 655w\" sizes=\"(max-width: 800px) 100vw, 800px\" \/><figcaption id=\"caption-attachment-7718\" class=\"wp-caption-text\">Cassettiera del 1730 realizzata da Charles Cressent<\/figcaption><\/figure>\n<p>&nbsp;<\/p>\n<p><span style=\"font-weight: 400;\">Le correnti artistiche che maggiormente segnarono il Settecento e il suo arredo furono inizialmente il <\/span><b>Rococ\u00f2<\/b><span style=\"font-weight: 400;\"> e, nella seconda met\u00e0 del secolo, il <\/span><b>Neoclassicismo<\/b><span style=\"font-weight: 400;\">.<\/span><span style=\"font-weight: 400;\"><br \/>\n<\/span><span style=\"font-weight: 400;\">In Francia la prima fase del Rococ\u00f2 coincise con il <\/span><b>periodo della reggenza<\/b><span style=\"font-weight: 400;\"> di Filippo II d\u2019Orl\u00e9ans, dopo la morte del Re Sole. In questi anni cominci\u00f2 gi\u00e0 una differenziazione funzionale degli ambienti, in modo da avere dei salotti per ricevere, per conversare o per far musica, oltre che per leggere. Anticipando lo Stile Luigi XV, i mobili della reggenza era caratterizzati dall\u2019uso del bronzo dorato o verniciato.<\/span><\/p>\n<p><span style=\"font-weight: 400;\">Di grande influenza fu il cosiddetto \u201c<\/span><b>gusto rocaille<\/b><span style=\"font-weight: 400;\">\u201d, un tipo di decorazione che, ispirandosi ai motivi naturali di rocce, conchiglie e gocce d\u2019acqua, divenne particolarmente esuberante e giocato su curve e controcurve.<\/span><\/p>\n<p>&nbsp;<\/p>\n<figure id=\"attachment_7720\" aria-describedby=\"caption-attachment-7720\" style=\"width: 800px\" class=\"wp-caption aligncenter\"><img loading=\"lazy\" decoding=\"async\" class=\"wp-image-7720 size-full\" src=\"https:\/\/cosyinternational.com\/wp-content\/uploads\/2023\/06\/rocailles.jpg\" alt=\"charles cressent\" width=\"800\" height=\"779\" srcset=\"https:\/\/cosyinternational.com\/wp-content\/uploads\/2023\/06\/rocailles.jpg 800w, https:\/\/cosyinternational.com\/wp-content\/uploads\/2023\/06\/rocailles-300x292.jpg 300w, https:\/\/cosyinternational.com\/wp-content\/uploads\/2023\/06\/rocailles-768x748.jpg 768w, https:\/\/cosyinternational.com\/wp-content\/uploads\/2023\/06\/rocailles-558x543.jpg 558w, https:\/\/cosyinternational.com\/wp-content\/uploads\/2023\/06\/rocailles-655x638.jpg 655w\" sizes=\"(max-width: 800px) 100vw, 800px\" \/><figcaption id=\"caption-attachment-7720\" class=\"wp-caption-text\">Particolare della decorazione di un mobile intarsiato di Charles Cressent, realizzato nel 1745-49<\/figcaption><\/figure>\n<p>&nbsp;<\/p>\n<p><span style=\"font-weight: 400;\">Tuttavia, fu con lo <\/span><b>Stile Luigi XV<\/b><span style=\"font-weight: 400;\"> (che si pu\u00f2 far iniziare nel 1730 e finire nel 1760) che si ebbe la piena maturazione del Rococ\u00f2 in arredamento. La figura pi\u00f9 influente non fu pi\u00f9 il sovrano, al contrario dello Stile Luigi XIV: le protagoniste del nuovo gusto furono <\/span><b>donne potenti<\/b><span style=\"font-weight: 400;\"> che condizionarono la moda e il costume del loro secolo, come Madame de Pompadour e Madame du Barry.<\/span><\/p>\n<p><span style=\"font-weight: 400;\">Una delle parole-chiave dello Stile Luigi XV \u00e8 la <\/span><b>luminosit\u00e0<\/b><span style=\"font-weight: 400;\">, tradotta in carte da parati e policromie dai <\/span><b>colori chiari<\/b><span style=\"font-weight: 400;\">, nonch\u00e9 dall\u2019introduzione della porta-finestra, che permetteva l\u2019ingresso della luce dal livello del pavimento. Gli elementi inseriti nelle decorazioni erano molteplici, formando uno <\/span><b>stile eclettico<\/b><span style=\"font-weight: 400;\">: palme, foglie d\u2019acanto, cordature, perle, conchiglie, scimmiette, grottesche, rosette, ovuli, ecc\u2026<\/span><\/p>\n<p>&nbsp;<\/p>\n<figure id=\"attachment_7722\" aria-describedby=\"caption-attachment-7722\" style=\"width: 800px\" class=\"wp-caption aligncenter\"><img loading=\"lazy\" decoding=\"async\" class=\"wp-image-7722\" src=\"https:\/\/cosyinternational.com\/wp-content\/uploads\/2023\/06\/8_commode-luigi-xv.jpg\" alt=\"louis xv style\" width=\"800\" height=\"533\" srcset=\"https:\/\/cosyinternational.com\/wp-content\/uploads\/2023\/06\/8_commode-luigi-xv.jpg 1280w, https:\/\/cosyinternational.com\/wp-content\/uploads\/2023\/06\/8_commode-luigi-xv-300x200.jpg 300w, https:\/\/cosyinternational.com\/wp-content\/uploads\/2023\/06\/8_commode-luigi-xv-1024x682.jpg 1024w, https:\/\/cosyinternational.com\/wp-content\/uploads\/2023\/06\/8_commode-luigi-xv-768x512.jpg 768w, https:\/\/cosyinternational.com\/wp-content\/uploads\/2023\/06\/8_commode-luigi-xv-1116x744.jpg 1116w, https:\/\/cosyinternational.com\/wp-content\/uploads\/2023\/06\/8_commode-luigi-xv-806x537.jpg 806w, https:\/\/cosyinternational.com\/wp-content\/uploads\/2023\/06\/8_commode-luigi-xv-558x372.jpg 558w, https:\/\/cosyinternational.com\/wp-content\/uploads\/2023\/06\/8_commode-luigi-xv-655x436.jpg 655w\" sizes=\"(max-width: 800px) 100vw, 800px\" \/><figcaption id=\"caption-attachment-7722\" class=\"wp-caption-text\">Una <em>commode<\/em> di Antoine Gaudreau del 1745, a Versailles<\/figcaption><\/figure>\n<p>&nbsp;<\/p>\n<p><span style=\"font-weight: 400;\">L\u2019ultimo stile dell\u2019<\/span><i><span style=\"font-weight: 400;\">ancien r\u00e9gime<\/span><\/i><span style=\"font-weight: 400;\"> fu quello di <\/span><b>Luigi XVI<\/b><span style=\"font-weight: 400;\">, a cui fece seguito lo <\/span><b>Stile Direttorio<\/b><span style=\"font-weight: 400;\">, che venne invece influenzato dal Neoclassicismo. Nato come reazione al Rococ\u00f2 e per una rinnovata passione per l\u2019archeologia in Europa, fu caratterizzato dalla scomparsa delle linee curve in favore di composizioni simmetriche, mentre invece le decorazioni riprendevano motivi antichi come candelari, lire, bracieri e vasi.<\/span><\/p>\n<p><span style=\"font-weight: 400;\">I migliori mobilieri del periodo neoclassico furono Jean-Fran\u00e7ois Oeben e Jean-Henri Riesener, mentre invece tra gli italiani fu attivo <\/span><b>Giuseppe Maggiolini <\/b><span style=\"font-weight: 400;\">(1738-1814), maestro ebanista.<\/span><\/p>\n<p>&nbsp;<\/p>\n<figure id=\"attachment_7724\" aria-describedby=\"caption-attachment-7724\" style=\"width: 800px\" class=\"wp-caption aligncenter\"><img loading=\"lazy\" decoding=\"async\" class=\"wp-image-7724\" src=\"https:\/\/cosyinternational.com\/wp-content\/uploads\/2023\/06\/9_mobile-maggiolini.jpg\" alt=\"mobile maggiolini\" width=\"800\" height=\"1183\" srcset=\"https:\/\/cosyinternational.com\/wp-content\/uploads\/2023\/06\/9_mobile-maggiolini.jpg 405w, https:\/\/cosyinternational.com\/wp-content\/uploads\/2023\/06\/9_mobile-maggiolini-203x300.jpg 203w\" sizes=\"(max-width: 800px) 100vw, 800px\" \/><figcaption id=\"caption-attachment-7724\" class=\"wp-caption-text\">Un mobile di Giuseppe Maggiolini, realizzato intorno al 1790<\/figcaption><\/figure>\n<h2><\/h2>\n<h2><span style=\"font-weight: 400;\">Stile Impero e revival del XIX secolo<\/span><\/h2>\n<p><span style=\"font-weight: 400;\">Cosa accadde alla storia dell\u2019arredamento, dopo l\u2019esecuzione di Luigi XVI?<\/span><span style=\"font-weight: 400;\"><br \/>\n<\/span><span style=\"font-weight: 400;\">Fu un periodo davvero insolito, per la produzione dei mobili. In Francia i beni della corte e dell\u2019aristocrazia vennero confiscati e messi in vendita, per poi essere acquistati soprattutto dagli inglesi. Di l\u00ec a poco sarebbe finito il periodo del Direttorio e sarebbe iniziata l\u2019<\/span><b>epoca napoleonica<\/b><span style=\"font-weight: 400;\">, che avrebbe confermato l\u2019idea di Parigi come capitale d\u2019Europa. Le conquiste di Napoleone contribuirono inoltre all\u2019importazione di opere d\u2019arte straniere, italiane e non solo, cosa che spinse artisti ed artigiani a confrontarsi con la Roma antica.<\/span><\/p>\n<p><span style=\"font-weight: 400;\">Se bisogna trovare un fattore comune a tutti gli stili di arredamento dell\u2019Ottocento, quello fu l\u2019<\/span><i><span style=\"font-weight: 400;\">Historismus<\/span><\/i><span style=\"font-weight: 400;\">, ossia lo <\/span><b>Storicismo<\/b><span style=\"font-weight: 400;\">, caratterizzato da un profondo interesse nei confronti del passato (anche se nell\u2019Ottocento non mancarono le grandi eccezioni, prima tra tutte l\u2019Impressionismo in arte). Tra revival e orientamenti storicisti, i due stili di arredamento principali di questo secolo furono il <\/span><b>Neoclassicismo<\/b><span style=\"font-weight: 400;\"> e il <\/span><b>Neogotico<\/b><span style=\"font-weight: 400;\">, entrambi gi\u00e0 presenti nel Settecento.<\/span><\/p>\n<p>&nbsp;<\/p>\n<figure id=\"attachment_7726\" aria-describedby=\"caption-attachment-7726\" style=\"width: 800px\" class=\"wp-caption aligncenter\"><img loading=\"lazy\" decoding=\"async\" class=\"wp-image-7726\" src=\"https:\/\/cosyinternational.com\/wp-content\/uploads\/2023\/06\/10_commode-stile-impero.jpg\" alt=\"empire style furniture\" width=\"800\" height=\"600\" srcset=\"https:\/\/cosyinternational.com\/wp-content\/uploads\/2023\/06\/10_commode-stile-impero.jpg 1200w, https:\/\/cosyinternational.com\/wp-content\/uploads\/2023\/06\/10_commode-stile-impero-300x225.jpg 300w, https:\/\/cosyinternational.com\/wp-content\/uploads\/2023\/06\/10_commode-stile-impero-1024x768.jpg 1024w, https:\/\/cosyinternational.com\/wp-content\/uploads\/2023\/06\/10_commode-stile-impero-768x576.jpg 768w, https:\/\/cosyinternational.com\/wp-content\/uploads\/2023\/06\/10_commode-stile-impero-1116x837.jpg 1116w, https:\/\/cosyinternational.com\/wp-content\/uploads\/2023\/06\/10_commode-stile-impero-806x605.jpg 806w, https:\/\/cosyinternational.com\/wp-content\/uploads\/2023\/06\/10_commode-stile-impero-558x419.jpg 558w, https:\/\/cosyinternational.com\/wp-content\/uploads\/2023\/06\/10_commode-stile-impero-655x491.jpg 655w\" sizes=\"(max-width: 800px) 100vw, 800px\" \/><figcaption id=\"caption-attachment-7726\" class=\"wp-caption-text\">Una<em> commode<\/em> in Stile Impero<\/figcaption><\/figure>\n<p>&nbsp;<\/p>\n<p><span style=\"font-weight: 400;\">Accantonando per un po\u2019 il Neogotico, rimaniamo in Francia. Durante l\u2019et\u00e0 napoleonica si afferm\u00f2 il cosiddetto <\/span><b>Stile Impero<\/b><span style=\"font-weight: 400;\">, che fiancheggi\u00f2 la propaganda imperiale con arredi grandiosi, quasi cesarei. Le caratteristiche formali dell\u2019arredamento in Stile Impero erano la simmetria, le linee squadrate, l\u2019uso di legni scuri e le decorazioni con motivi che rimandano al mondo antico. I mobili, pensati per essere pi\u00f9 esteticamente belli che funzionali, erano massicci e pesanti, con una propria autonomia.<\/span><\/p>\n<p><span style=\"font-weight: 400;\">Con la caduta di Napoleone e il periodo della Restaurazione, lo stile cambi\u00f2 con una versione imborghesita dello Stile Impero, preferendo legni chiari per ambienti pi\u00f9 accoglienti e linee pi\u00f9 curve.<\/span><\/p>\n<p>&nbsp;<\/p>\n<figure id=\"attachment_7728\" aria-describedby=\"caption-attachment-7728\" style=\"width: 800px\" class=\"wp-caption aligncenter\"><img loading=\"lazy\" decoding=\"async\" class=\"wp-image-7728\" src=\"https:\/\/cosyinternational.com\/wp-content\/uploads\/2023\/06\/11_como-stile-restaurazione.jpg\" alt=\"history of interior design\" width=\"800\" height=\"533\" srcset=\"https:\/\/cosyinternational.com\/wp-content\/uploads\/2023\/06\/11_como-stile-restaurazione.jpg 1200w, https:\/\/cosyinternational.com\/wp-content\/uploads\/2023\/06\/11_como-stile-restaurazione-300x200.jpg 300w, https:\/\/cosyinternational.com\/wp-content\/uploads\/2023\/06\/11_como-stile-restaurazione-1024x683.jpg 1024w, https:\/\/cosyinternational.com\/wp-content\/uploads\/2023\/06\/11_como-stile-restaurazione-768x512.jpg 768w, https:\/\/cosyinternational.com\/wp-content\/uploads\/2023\/06\/11_como-stile-restaurazione-1116x744.jpg 1116w, https:\/\/cosyinternational.com\/wp-content\/uploads\/2023\/06\/11_como-stile-restaurazione-806x537.jpg 806w, https:\/\/cosyinternational.com\/wp-content\/uploads\/2023\/06\/11_como-stile-restaurazione-558x372.jpg 558w, https:\/\/cosyinternational.com\/wp-content\/uploads\/2023\/06\/11_como-stile-restaurazione-655x437.jpg 655w\" sizes=\"(max-width: 800px) 100vw, 800px\" \/><figcaption id=\"caption-attachment-7728\" class=\"wp-caption-text\">Un com\u00f2 della Restaurazione. Fonte: antiques-magazine.com<\/figcaption><\/figure>\n<p>&nbsp;<\/p>\n<p><span style=\"font-weight: 400;\">Si apr\u00ec per\u00f2 un altro scenario: quello dell\u2019Inghilterra, che fu protagonista dell\u2019inizio della <\/span><b>Rivoluzione Industriale<\/b><span style=\"font-weight: 400;\">. Alcuni personaggi dell\u2019epoca rifiutarono questo profondo cambiamento economico-sociale, che si traduceva anche in prodotti di bassa qualit\u00e0, per rifugiarsi in un Medioevo idealizzato. Il Neogotico, gi\u00e0 di successo tra il 1750 e il 1760, torn\u00f2 in auge nell\u2019Ottocento con un tipo di arredamento che non corrispondeva al vero gotico medievale, ma ad un\u2019idea di quello che si pensava potesse essere. I primi mobili neogotici ottocenteschi vennero disegnati da Augustus Welby Nothmore Pugin (architetto del Big Ben) per il castello di Windsor.<\/span><\/p>\n<p>&nbsp;<\/p>\n<figure id=\"attachment_7730\" aria-describedby=\"caption-attachment-7730\" style=\"width: 751px\" class=\"wp-caption aligncenter\"><img loading=\"lazy\" decoding=\"async\" class=\"wp-image-7730 size-full\" src=\"https:\/\/cosyinternational.com\/wp-content\/uploads\/2023\/06\/12_pugin-armoire.jpg\" alt=\"storia dell'arredamento\" width=\"751\" height=\"600\" srcset=\"https:\/\/cosyinternational.com\/wp-content\/uploads\/2023\/06\/12_pugin-armoire.jpg 751w, https:\/\/cosyinternational.com\/wp-content\/uploads\/2023\/06\/12_pugin-armoire-300x240.jpg 300w, https:\/\/cosyinternational.com\/wp-content\/uploads\/2023\/06\/12_pugin-armoire-558x446.jpg 558w, https:\/\/cosyinternational.com\/wp-content\/uploads\/2023\/06\/12_pugin-armoire-655x523.jpg 655w\" sizes=\"(max-width: 751px) 100vw, 751px\" \/><figcaption id=\"caption-attachment-7730\" class=\"wp-caption-text\">Un armadio progettato da Augustus Pugin nel 1852<\/figcaption><\/figure>\n<p>&nbsp;<\/p>\n<p><span style=\"font-weight: 400;\">Nel 1861, come protesta ai processi industriali, William Morris, Peter Paul Marshall e Charles Faulkner fondarono la <\/span><b>Morris, Marshall, Faulkner &amp; Co.<\/b><span style=\"font-weight: 400;\"> con l\u2019obiettivo di proporre arredamenti e arti decorative per rimettere al centro la qualit\u00e0 dei manufatti artigianali. In particolare fu William Morris (1834-1896), uno dei principali esponenti del movimento artistico <\/span><b>Arts and Crafts <\/b><span style=\"font-weight: 400;\">(nonch\u00e9 progenitore dell\u2019industrial design), a teorizzare un tipo di lavoro che permettesse agli artigiani di conservare la propria creativit\u00e0, senza cedere all\u2019alienazione del lavoro meccanico e industriale. Inoltre con le Arts and Crafts di Morris i mobili cominciarono a cambiare, abbandonando la linea neogotica in favore di uno stile che oggi conosciamo come Liberty o Art Nouveau.<\/span><\/p>\n<p>&nbsp;<\/p>\n<figure id=\"attachment_7733\" aria-describedby=\"caption-attachment-7733\" style=\"width: 800px\" class=\"wp-caption aligncenter\"><img loading=\"lazy\" decoding=\"async\" class=\"wp-image-7733 size-full\" src=\"https:\/\/cosyinternational.com\/wp-content\/uploads\/2023\/06\/13_mobiletto-in-legno-con-pitture-di-burne-jones.jpg\" alt=\"history of interior design storia dell'arredamento\" width=\"800\" height=\"725\" srcset=\"https:\/\/cosyinternational.com\/wp-content\/uploads\/2023\/06\/13_mobiletto-in-legno-con-pitture-di-burne-jones.jpg 800w, https:\/\/cosyinternational.com\/wp-content\/uploads\/2023\/06\/13_mobiletto-in-legno-con-pitture-di-burne-jones-300x272.jpg 300w, https:\/\/cosyinternational.com\/wp-content\/uploads\/2023\/06\/13_mobiletto-in-legno-con-pitture-di-burne-jones-768x696.jpg 768w, https:\/\/cosyinternational.com\/wp-content\/uploads\/2023\/06\/13_mobiletto-in-legno-con-pitture-di-burne-jones-558x506.jpg 558w, https:\/\/cosyinternational.com\/wp-content\/uploads\/2023\/06\/13_mobiletto-in-legno-con-pitture-di-burne-jones-655x594.jpg 655w\" sizes=\"(max-width: 800px) 100vw, 800px\" \/><figcaption id=\"caption-attachment-7733\" class=\"wp-caption-text\">Mobiletto in legno con pitture di Edward Burne-Jones<\/figcaption><\/figure>\n<p>&nbsp;<\/p>\n<p><span style=\"font-weight: 400;\">Non possiamo per\u00f2 smettere di parlare dell\u2019Ottocento senza aver parlato di due esempi antistoricisti. Il primo \u00e8 costituito dai <\/span><b>mobili brevettati<\/b><span style=\"font-weight: 400;\">, ossia pezzi d\u2019arredo progettati da ingegneri che, per soddisfare le necessit\u00e0 dei ceti medi, studiarono degli oggetti che potessero svolgere pi\u00f9 funzioni, come una poltrona che diventa un divano o un letto che \u00e8 anche un armadio. I mobili brevettati vennero prodotti soprattutto negli Stati Uniti, una nazione in ascesa.\u00a0<\/span><\/p>\n<p><span style=\"font-weight: 400;\">Il secondo esempio invece \u00e8 rappresentato dai mobili di <\/span><b>Michael Thonet<\/b><span style=\"font-weight: 400;\"> (1796-1871), vero e proprio designer che realizz\u00f2 le famosissime Sedie Thonet, ancora oggi un classico dell\u2019arredamento moderno. Thonet rivoluzion\u00f2 in particolare i \u201cmobili sostenitori\u201d, ideando una tecnica che consisteva nell\u2019inumidire il legno attraverso il vapore, in modo da poterlo piegare. L\u2019approccio di Thonet era di grande modernit\u00e0 e fu di notevole ispirazione per il nuovo secolo.<\/span><\/p>\n<p>&nbsp;<\/p>\n<figure id=\"attachment_7735\" aria-describedby=\"caption-attachment-7735\" style=\"width: 800px\" class=\"wp-caption aligncenter\"><img loading=\"lazy\" decoding=\"async\" class=\"wp-image-7735\" src=\"https:\/\/cosyinternational.com\/wp-content\/uploads\/2023\/06\/sedie-thonet.jpg\" alt=\"sedie thonet chair\" width=\"800\" height=\"530\" srcset=\"https:\/\/cosyinternational.com\/wp-content\/uploads\/2023\/06\/sedie-thonet.jpg 1280w, https:\/\/cosyinternational.com\/wp-content\/uploads\/2023\/06\/sedie-thonet-300x199.jpg 300w, https:\/\/cosyinternational.com\/wp-content\/uploads\/2023\/06\/sedie-thonet-1024x678.jpg 1024w, https:\/\/cosyinternational.com\/wp-content\/uploads\/2023\/06\/sedie-thonet-768x509.jpg 768w, https:\/\/cosyinternational.com\/wp-content\/uploads\/2023\/06\/sedie-thonet-1116x739.jpg 1116w, https:\/\/cosyinternational.com\/wp-content\/uploads\/2023\/06\/sedie-thonet-806x534.jpg 806w, https:\/\/cosyinternational.com\/wp-content\/uploads\/2023\/06\/sedie-thonet-558x370.jpg 558w, https:\/\/cosyinternational.com\/wp-content\/uploads\/2023\/06\/sedie-thonet-655x434.jpg 655w\" sizes=\"(max-width: 800px) 100vw, 800px\" \/><figcaption id=\"caption-attachment-7735\" class=\"wp-caption-text\">Sedie Thonet espose al Wien Museum Karlsplatz di Vienna<\/figcaption><\/figure>\n<h2><\/h2>\n<h2><span style=\"font-weight: 400;\">Verso il Novecento<\/span><\/h2>\n<p><span style=\"font-weight: 400;\">Finisce in piena Belle \u00c9poque questa prima parte sulla storia dell\u2019arredamento, che proseguir\u00e0 presto con tutte le novit\u00e0 portate dal XX secolo (compresa la nascita ufficiale del design).<\/span><\/p>\n<p><span style=\"font-weight: 400;\"><a href=\"https:\/\/cosyinternational.com\/it\/breve-storia-design-italiano\/\">Leggi ora la seconda parte<\/a> e iscriviti alla nostra newsletter!<\/span><\/p>\n<p>&nbsp;<\/p>\n<p><a href=\"https:\/\/cosyinternational.com\/it\/brochure\/\"><span style=\"font-weight: 400;\">ISCRIVITI ORA<\/span><\/a><\/p>\n","protected":false},"excerpt":{"rendered":"<p>XXI secolo, oggi. Una persona decide di acquistare un guardaroba. Le scelte sono tante: pu\u00f2 affidarsi ad un classico armadio a parete, oppure preferire una cabina armadio di lusso; pu\u00f2 cercare tra le tante collezioni dedicate alla zona notte o richiedere un armadio su misura. Non ci sono limiti, se non i nostri bisogni, i&hellip;<\/p>\n","protected":false},"author":3,"featured_media":7687,"comment_status":"closed","ping_status":"closed","sticky":false,"template":"","format":"standard","meta":{"_acf_changed":false,"footnotes":""},"categories":[105],"tags":[80,45,76],"acf":[],"yoast_head":"<!-- This site is optimized with the Yoast SEO plugin v22.2 - https:\/\/yoast.com\/wordpress\/plugins\/seo\/ -->\n<title>Storia dell\u2019arredamento e dell\u2019armadio di lusso<\/title>\n<meta name=\"description\" content=\"Immaginiamo di iniziare un viaggio nella storia dell\u2019arredamento, tra cassoni rinascimentali e mobili Luigi XIV...\" \/>\n<meta name=\"robots\" content=\"index, follow, max-snippet:-1, max-image-preview:large, max-video-preview:-1\" \/>\n<link rel=\"canonical\" href=\"https:\/\/cosyinternational.com\/it\/storia-dell-arredamento-antichi-greci-belle-epoque\/\" \/>\n<meta property=\"og:locale\" content=\"it_IT\" \/>\n<meta property=\"og:type\" content=\"article\" \/>\n<meta property=\"og:title\" content=\"Storia dell\u2019arredamento e dell\u2019armadio di lusso\" \/>\n<meta property=\"og:description\" content=\"Immaginiamo di iniziare un viaggio nella storia dell\u2019arredamento, tra cassoni rinascimentali e mobili Luigi XIV...\" \/>\n<meta property=\"og:url\" content=\"https:\/\/cosyinternational.com\/it\/storia-dell-arredamento-antichi-greci-belle-epoque\/\" \/>\n<meta property=\"og:site_name\" content=\"Cosy International\" \/>\n<meta property=\"article:publisher\" content=\"https:\/\/www.facebook.com\/cosyinternational\" \/>\n<meta property=\"article:published_time\" content=\"2023-06-29T15:18:34+00:00\" \/>\n<meta property=\"article:modified_time\" content=\"2023-07-28T09:02:15+00:00\" \/>\n<meta property=\"og:image\" content=\"https:\/\/cosyinternational.com\/wp-content\/uploads\/2023\/06\/history-of-interior-design-storia-dellarredamento-1024x576.png\" \/>\n\t<meta property=\"og:image:width\" content=\"1024\" \/>\n\t<meta property=\"og:image:height\" content=\"576\" \/>\n\t<meta property=\"og:image:type\" content=\"image\/png\" \/>\n<meta name=\"author\" content=\"Staff Cosy International\" \/>\n<meta name=\"twitter:card\" content=\"summary_large_image\" \/>\n<meta name=\"twitter:label1\" content=\"Scritto da\" \/>\n\t<meta name=\"twitter:data1\" content=\"Staff Cosy International\" \/>\n\t<meta name=\"twitter:label2\" content=\"Tempo di lettura stimato\" \/>\n\t<meta name=\"twitter:data2\" content=\"26 minuti\" \/>\n<script type=\"application\/ld+json\" class=\"yoast-schema-graph\">{\"@context\":\"https:\/\/schema.org\",\"@graph\":[{\"@type\":\"Article\",\"@id\":\"https:\/\/cosyinternational.com\/it\/storia-dell-arredamento-antichi-greci-belle-epoque\/#article\",\"isPartOf\":{\"@id\":\"https:\/\/cosyinternational.com\/it\/storia-dell-arredamento-antichi-greci-belle-epoque\/\"},\"author\":{\"name\":\"Staff Cosy International\",\"@id\":\"https:\/\/cosyinternational.com\/it\/#\/schema\/person\/bbaac503f58012a706dbfaedfbc1e3d0\"},\"headline\":\"La storia dell\u2019arredamento dagli Antichi Greci alla Belle \u00c9poque\",\"datePublished\":\"2023-06-29T15:18:34+00:00\",\"dateModified\":\"2023-07-28T09:02:15+00:00\",\"mainEntityOfPage\":{\"@id\":\"https:\/\/cosyinternational.com\/it\/storia-dell-arredamento-antichi-greci-belle-epoque\/\"},\"wordCount\":4156,\"publisher\":{\"@id\":\"https:\/\/cosyinternational.com\/it\/#organization\"},\"image\":{\"@id\":\"https:\/\/cosyinternational.com\/it\/storia-dell-arredamento-antichi-greci-belle-epoque\/#primaryimage\"},\"thumbnailUrl\":\"https:\/\/cosyinternational.com\/wp-content\/uploads\/2023\/06\/history-of-interior-design-storia-dellarredamento.png\",\"keywords\":[\"design d'interni\",\"eleganza\",\"stili di arredamento\"],\"articleSection\":[\"Stili e Tendenze di Interior Design\"],\"inLanguage\":\"it-IT\"},{\"@type\":\"WebPage\",\"@id\":\"https:\/\/cosyinternational.com\/it\/storia-dell-arredamento-antichi-greci-belle-epoque\/\",\"url\":\"https:\/\/cosyinternational.com\/it\/storia-dell-arredamento-antichi-greci-belle-epoque\/\",\"name\":\"Storia dell\u2019arredamento e dell\u2019armadio di lusso\",\"isPartOf\":{\"@id\":\"https:\/\/cosyinternational.com\/it\/#website\"},\"primaryImageOfPage\":{\"@id\":\"https:\/\/cosyinternational.com\/it\/storia-dell-arredamento-antichi-greci-belle-epoque\/#primaryimage\"},\"image\":{\"@id\":\"https:\/\/cosyinternational.com\/it\/storia-dell-arredamento-antichi-greci-belle-epoque\/#primaryimage\"},\"thumbnailUrl\":\"https:\/\/cosyinternational.com\/wp-content\/uploads\/2023\/06\/history-of-interior-design-storia-dellarredamento.png\",\"datePublished\":\"2023-06-29T15:18:34+00:00\",\"dateModified\":\"2023-07-28T09:02:15+00:00\",\"description\":\"Immaginiamo di iniziare un viaggio nella storia dell\u2019arredamento, tra cassoni rinascimentali e mobili Luigi XIV...\",\"breadcrumb\":{\"@id\":\"https:\/\/cosyinternational.com\/it\/storia-dell-arredamento-antichi-greci-belle-epoque\/#breadcrumb\"},\"inLanguage\":\"it-IT\",\"potentialAction\":[{\"@type\":\"ReadAction\",\"target\":[\"https:\/\/cosyinternational.com\/it\/storia-dell-arredamento-antichi-greci-belle-epoque\/\"]}]},{\"@type\":\"ImageObject\",\"inLanguage\":\"it-IT\",\"@id\":\"https:\/\/cosyinternational.com\/it\/storia-dell-arredamento-antichi-greci-belle-epoque\/#primaryimage\",\"url\":\"https:\/\/cosyinternational.com\/wp-content\/uploads\/2023\/06\/history-of-interior-design-storia-dellarredamento.png\",\"contentUrl\":\"https:\/\/cosyinternational.com\/wp-content\/uploads\/2023\/06\/history-of-interior-design-storia-dellarredamento.png\",\"width\":1920,\"height\":1080,\"caption\":\"history of interior design storia dell'arredamento\"},{\"@type\":\"BreadcrumbList\",\"@id\":\"https:\/\/cosyinternational.com\/it\/storia-dell-arredamento-antichi-greci-belle-epoque\/#breadcrumb\",\"itemListElement\":[{\"@type\":\"ListItem\",\"position\":1,\"name\":\"Home\",\"item\":\"https:\/\/cosyinternational.com\/it\/\"},{\"@type\":\"ListItem\",\"position\":2,\"name\":\"La storia dell\u2019arredamento dagli Antichi Greci alla Belle \u00c9poque\"}]},{\"@type\":\"WebSite\",\"@id\":\"https:\/\/cosyinternational.com\/it\/#website\",\"url\":\"https:\/\/cosyinternational.com\/it\/\",\"name\":\"COSY International\",\"description\":\"Luxury Bespoke Wardrobes\",\"publisher\":{\"@id\":\"https:\/\/cosyinternational.com\/it\/#organization\"},\"potentialAction\":[{\"@type\":\"SearchAction\",\"target\":{\"@type\":\"EntryPoint\",\"urlTemplate\":\"https:\/\/cosyinternational.com\/it\/?s={search_term_string}\"},\"query-input\":\"required name=search_term_string\"}],\"inLanguage\":\"it-IT\"},{\"@type\":\"Organization\",\"@id\":\"https:\/\/cosyinternational.com\/it\/#organization\",\"name\":\"COSY Srl\",\"url\":\"https:\/\/cosyinternational.com\/it\/\",\"logo\":{\"@type\":\"ImageObject\",\"inLanguage\":\"it-IT\",\"@id\":\"https:\/\/cosyinternational.com\/it\/#\/schema\/logo\/image\/\",\"url\":\"https:\/\/cosyinternational.com\/wp-content\/uploads\/2023\/03\/Logo_Nero_V2_margine.png\",\"contentUrl\":\"https:\/\/cosyinternational.com\/wp-content\/uploads\/2023\/03\/Logo_Nero_V2_margine.png\",\"width\":2392,\"height\":1155,\"caption\":\"COSY Srl\"},\"image\":{\"@id\":\"https:\/\/cosyinternational.com\/it\/#\/schema\/logo\/image\/\"},\"sameAs\":[\"https:\/\/www.facebook.com\/cosyinternational\",\"https:\/\/www.instagram.com\/cosyinternational\",\"https:\/\/it.linkedin.com\/company\/cosy-srl\",\"https:\/\/www.youtube.com\/channel\/UC1FFm4YbQ-ViqzjCAQJ0uFQ\/videos\",\"https:\/\/www.pinterest.it\/cosyinternational\/\"]},{\"@type\":\"Person\",\"@id\":\"https:\/\/cosyinternational.com\/it\/#\/schema\/person\/bbaac503f58012a706dbfaedfbc1e3d0\",\"name\":\"Staff Cosy International\",\"image\":{\"@type\":\"ImageObject\",\"inLanguage\":\"it-IT\",\"@id\":\"https:\/\/cosyinternational.com\/it\/#\/schema\/person\/image\/\",\"url\":\"https:\/\/secure.gravatar.com\/avatar\/39845de258004c0e92253ece7faf073b?s=96&d=mm&r=g\",\"contentUrl\":\"https:\/\/secure.gravatar.com\/avatar\/39845de258004c0e92253ece7faf073b?s=96&d=mm&r=g\",\"caption\":\"Staff Cosy International\"},\"url\":\"https:\/\/cosyinternational.com\/it\/author\/staff-cosy-international\/\"}]}<\/script>\n<!-- \/ Yoast SEO plugin. -->","yoast_head_json":{"title":"Storia dell\u2019arredamento e dell\u2019armadio di lusso","description":"Immaginiamo di iniziare un viaggio nella storia dell\u2019arredamento, tra cassoni rinascimentali e mobili Luigi XIV...","robots":{"index":"index","follow":"follow","max-snippet":"max-snippet:-1","max-image-preview":"max-image-preview:large","max-video-preview":"max-video-preview:-1"},"canonical":"https:\/\/cosyinternational.com\/it\/storia-dell-arredamento-antichi-greci-belle-epoque\/","og_locale":"it_IT","og_type":"article","og_title":"Storia dell\u2019arredamento e dell\u2019armadio di lusso","og_description":"Immaginiamo di iniziare un viaggio nella storia dell\u2019arredamento, tra cassoni rinascimentali e mobili Luigi XIV...","og_url":"https:\/\/cosyinternational.com\/it\/storia-dell-arredamento-antichi-greci-belle-epoque\/","og_site_name":"Cosy International","article_publisher":"https:\/\/www.facebook.com\/cosyinternational","article_published_time":"2023-06-29T15:18:34+00:00","article_modified_time":"2023-07-28T09:02:15+00:00","og_image":[{"width":1024,"height":576,"url":"https:\/\/cosyinternational.com\/wp-content\/uploads\/2023\/06\/history-of-interior-design-storia-dellarredamento-1024x576.png","type":"image\/png"}],"author":"Staff Cosy International","twitter_card":"summary_large_image","twitter_misc":{"Scritto da":"Staff Cosy International","Tempo di lettura stimato":"26 minuti"},"schema":{"@context":"https:\/\/schema.org","@graph":[{"@type":"Article","@id":"https:\/\/cosyinternational.com\/it\/storia-dell-arredamento-antichi-greci-belle-epoque\/#article","isPartOf":{"@id":"https:\/\/cosyinternational.com\/it\/storia-dell-arredamento-antichi-greci-belle-epoque\/"},"author":{"name":"Staff Cosy International","@id":"https:\/\/cosyinternational.com\/it\/#\/schema\/person\/bbaac503f58012a706dbfaedfbc1e3d0"},"headline":"La storia dell\u2019arredamento dagli Antichi Greci alla Belle \u00c9poque","datePublished":"2023-06-29T15:18:34+00:00","dateModified":"2023-07-28T09:02:15+00:00","mainEntityOfPage":{"@id":"https:\/\/cosyinternational.com\/it\/storia-dell-arredamento-antichi-greci-belle-epoque\/"},"wordCount":4156,"publisher":{"@id":"https:\/\/cosyinternational.com\/it\/#organization"},"image":{"@id":"https:\/\/cosyinternational.com\/it\/storia-dell-arredamento-antichi-greci-belle-epoque\/#primaryimage"},"thumbnailUrl":"https:\/\/cosyinternational.com\/wp-content\/uploads\/2023\/06\/history-of-interior-design-storia-dellarredamento.png","keywords":["design d'interni","eleganza","stili di arredamento"],"articleSection":["Stili e Tendenze di Interior Design"],"inLanguage":"it-IT"},{"@type":"WebPage","@id":"https:\/\/cosyinternational.com\/it\/storia-dell-arredamento-antichi-greci-belle-epoque\/","url":"https:\/\/cosyinternational.com\/it\/storia-dell-arredamento-antichi-greci-belle-epoque\/","name":"Storia dell\u2019arredamento e dell\u2019armadio di lusso","isPartOf":{"@id":"https:\/\/cosyinternational.com\/it\/#website"},"primaryImageOfPage":{"@id":"https:\/\/cosyinternational.com\/it\/storia-dell-arredamento-antichi-greci-belle-epoque\/#primaryimage"},"image":{"@id":"https:\/\/cosyinternational.com\/it\/storia-dell-arredamento-antichi-greci-belle-epoque\/#primaryimage"},"thumbnailUrl":"https:\/\/cosyinternational.com\/wp-content\/uploads\/2023\/06\/history-of-interior-design-storia-dellarredamento.png","datePublished":"2023-06-29T15:18:34+00:00","dateModified":"2023-07-28T09:02:15+00:00","description":"Immaginiamo di iniziare un viaggio nella storia dell\u2019arredamento, tra cassoni rinascimentali e mobili Luigi XIV...","breadcrumb":{"@id":"https:\/\/cosyinternational.com\/it\/storia-dell-arredamento-antichi-greci-belle-epoque\/#breadcrumb"},"inLanguage":"it-IT","potentialAction":[{"@type":"ReadAction","target":["https:\/\/cosyinternational.com\/it\/storia-dell-arredamento-antichi-greci-belle-epoque\/"]}]},{"@type":"ImageObject","inLanguage":"it-IT","@id":"https:\/\/cosyinternational.com\/it\/storia-dell-arredamento-antichi-greci-belle-epoque\/#primaryimage","url":"https:\/\/cosyinternational.com\/wp-content\/uploads\/2023\/06\/history-of-interior-design-storia-dellarredamento.png","contentUrl":"https:\/\/cosyinternational.com\/wp-content\/uploads\/2023\/06\/history-of-interior-design-storia-dellarredamento.png","width":1920,"height":1080,"caption":"history of interior design storia dell'arredamento"},{"@type":"BreadcrumbList","@id":"https:\/\/cosyinternational.com\/it\/storia-dell-arredamento-antichi-greci-belle-epoque\/#breadcrumb","itemListElement":[{"@type":"ListItem","position":1,"name":"Home","item":"https:\/\/cosyinternational.com\/it\/"},{"@type":"ListItem","position":2,"name":"La storia dell\u2019arredamento dagli Antichi Greci alla Belle \u00c9poque"}]},{"@type":"WebSite","@id":"https:\/\/cosyinternational.com\/it\/#website","url":"https:\/\/cosyinternational.com\/it\/","name":"COSY International","description":"Luxury Bespoke Wardrobes","publisher":{"@id":"https:\/\/cosyinternational.com\/it\/#organization"},"potentialAction":[{"@type":"SearchAction","target":{"@type":"EntryPoint","urlTemplate":"https:\/\/cosyinternational.com\/it\/?s={search_term_string}"},"query-input":"required name=search_term_string"}],"inLanguage":"it-IT"},{"@type":"Organization","@id":"https:\/\/cosyinternational.com\/it\/#organization","name":"COSY Srl","url":"https:\/\/cosyinternational.com\/it\/","logo":{"@type":"ImageObject","inLanguage":"it-IT","@id":"https:\/\/cosyinternational.com\/it\/#\/schema\/logo\/image\/","url":"https:\/\/cosyinternational.com\/wp-content\/uploads\/2023\/03\/Logo_Nero_V2_margine.png","contentUrl":"https:\/\/cosyinternational.com\/wp-content\/uploads\/2023\/03\/Logo_Nero_V2_margine.png","width":2392,"height":1155,"caption":"COSY Srl"},"image":{"@id":"https:\/\/cosyinternational.com\/it\/#\/schema\/logo\/image\/"},"sameAs":["https:\/\/www.facebook.com\/cosyinternational","https:\/\/www.instagram.com\/cosyinternational","https:\/\/it.linkedin.com\/company\/cosy-srl","https:\/\/www.youtube.com\/channel\/UC1FFm4YbQ-ViqzjCAQJ0uFQ\/videos","https:\/\/www.pinterest.it\/cosyinternational\/"]},{"@type":"Person","@id":"https:\/\/cosyinternational.com\/it\/#\/schema\/person\/bbaac503f58012a706dbfaedfbc1e3d0","name":"Staff Cosy International","image":{"@type":"ImageObject","inLanguage":"it-IT","@id":"https:\/\/cosyinternational.com\/it\/#\/schema\/person\/image\/","url":"https:\/\/secure.gravatar.com\/avatar\/39845de258004c0e92253ece7faf073b?s=96&d=mm&r=g","contentUrl":"https:\/\/secure.gravatar.com\/avatar\/39845de258004c0e92253ece7faf073b?s=96&d=mm&r=g","caption":"Staff Cosy International"},"url":"https:\/\/cosyinternational.com\/it\/author\/staff-cosy-international\/"}]}},"_links":{"self":[{"href":"https:\/\/cosyinternational.com\/it\/wp-json\/wp\/v2\/posts\/7686"}],"collection":[{"href":"https:\/\/cosyinternational.com\/it\/wp-json\/wp\/v2\/posts"}],"about":[{"href":"https:\/\/cosyinternational.com\/it\/wp-json\/wp\/v2\/types\/post"}],"author":[{"embeddable":true,"href":"https:\/\/cosyinternational.com\/it\/wp-json\/wp\/v2\/users\/3"}],"replies":[{"embeddable":true,"href":"https:\/\/cosyinternational.com\/it\/wp-json\/wp\/v2\/comments?post=7686"}],"version-history":[{"count":6,"href":"https:\/\/cosyinternational.com\/it\/wp-json\/wp\/v2\/posts\/7686\/revisions"}],"predecessor-version":[{"id":7828,"href":"https:\/\/cosyinternational.com\/it\/wp-json\/wp\/v2\/posts\/7686\/revisions\/7828"}],"wp:featuredmedia":[{"embeddable":true,"href":"https:\/\/cosyinternational.com\/it\/wp-json\/wp\/v2\/media\/7687"}],"wp:attachment":[{"href":"https:\/\/cosyinternational.com\/it\/wp-json\/wp\/v2\/media?parent=7686"}],"wp:term":[{"taxonomy":"category","embeddable":true,"href":"https:\/\/cosyinternational.com\/it\/wp-json\/wp\/v2\/categories?post=7686"},{"taxonomy":"post_tag","embeddable":true,"href":"https:\/\/cosyinternational.com\/it\/wp-json\/wp\/v2\/tags?post=7686"}],"curies":[{"name":"wp","href":"https:\/\/api.w.org\/{rel}","templated":true}]}}