{"id":7771,"date":"2023-07-27T12:45:13","date_gmt":"2023-07-27T12:45:13","guid":{"rendered":"https:\/\/cosyinternational.com\/?p=7771"},"modified":"2023-07-27T12:45:13","modified_gmt":"2023-07-27T12:45:13","slug":"breve-storia-design-italiano","status":"publish","type":"post","link":"https:\/\/cosyinternational.com\/it\/breve-storia-design-italiano\/","title":{"rendered":"Breve storia del design italiano"},"content":{"rendered":"<p>Nello <a href=\"https:\/\/cosyinternational.com\/it\/storia-dell-arredamento-antichi-greci-belle-epoque\/\">scorso articolo sulla storia dell\u2019arredamento<\/a> abbiamo visto l\u2019evoluzione del mobile dall\u2019epoca degli Antichi Greci fino alla Belle \u00c9poque, un periodo florido per lo sviluppo delle arti applicate e per quello che si potrebbe chiamare \u201c<b>proto-design<\/b>\u201d. In particolare l\u2019armadio, l\u2019oggetto di design che ci interessa di pi\u00f9, acquist\u00f2 durante gli anni Settanta dell\u2019Ottocento un\u2019importante novit\u00e0: la <b>barra appendiabiti<\/b>, incorporata per la prima volta nei guardaroba, a cui faranno seguito presto le <b>grucce<\/b>.<\/p>\n<p>Gi\u00e0 a partire dall\u2019Ottocento si moltiplicarono gli stili di arredamento, cosa che ci ha portato in questa seconda parte a focalizzarci ad un certo punto sul design italiano. La molteplicit\u00e0 di tendenze che si svilupparono tra la fine dell\u2019Ottocento e la prima parte del Novecento avevano comunque un aspetto in comune: la<b> volont\u00e0 di rompere con il passato<\/b> e con lo storicismo, rifiutando l\u2019eclettismo che aveva caratterizzato il XIX secolo.<\/p>\n<p>Vediamo gi\u00e0 questa presa di posizione nello <b>Stile Liberty<\/b> e nell\u2019<b>Art D\u00e9co<\/b> (che approfondiremo a breve), nonch\u00e9 in arte nelle <b>Avanguardie Storiche<\/b>. Questo periodo venne caratterizzato anche da uno <b>stretto rapporto tra le arti visive e il design<\/b>: pensiamo al Bauhaus, a Gropius e Le Corbusier.<\/p>\n<h2>La nascita del design italiano<\/h2>\n<p>In questa seconda parte vedremo non solo le principali correnti artistiche del Novecento, ma anche come queste influenzarono il panorama italiano e l\u2019<a href=\"https:\/\/cosyinternational.com\/it\/cabina-armadio-made-in-italy\/\">arredamento Made in Italy<\/a>. Ma quando cominci\u00f2 a svilupparsi il design italiano, acquisendo fama in tutto il mondo?<\/p>\n<p>&nbsp;<\/p>\n<figure id=\"attachment_7776\" aria-describedby=\"caption-attachment-7776\" style=\"width: 800px\" class=\"wp-caption aligncenter\"><img loading=\"lazy\" decoding=\"async\" class=\"wp-image-7776\" src=\"https:\/\/cosyinternational.com\/wp-content\/uploads\/2023\/07\/acquario-civico-milano.jpg\" alt=\"acquario civico milano\" width=\"800\" height=\"450\" srcset=\"https:\/\/cosyinternational.com\/wp-content\/uploads\/2023\/07\/acquario-civico-milano.jpg 1920w, https:\/\/cosyinternational.com\/wp-content\/uploads\/2023\/07\/acquario-civico-milano-300x169.jpg 300w, https:\/\/cosyinternational.com\/wp-content\/uploads\/2023\/07\/acquario-civico-milano-1024x576.jpg 1024w, https:\/\/cosyinternational.com\/wp-content\/uploads\/2023\/07\/acquario-civico-milano-768x432.jpg 768w, https:\/\/cosyinternational.com\/wp-content\/uploads\/2023\/07\/acquario-civico-milano-1536x864.jpg 1536w, https:\/\/cosyinternational.com\/wp-content\/uploads\/2023\/07\/acquario-civico-milano-1612x907.jpg 1612w, https:\/\/cosyinternational.com\/wp-content\/uploads\/2023\/07\/acquario-civico-milano-1116x628.jpg 1116w, https:\/\/cosyinternational.com\/wp-content\/uploads\/2023\/07\/acquario-civico-milano-806x453.jpg 806w, https:\/\/cosyinternational.com\/wp-content\/uploads\/2023\/07\/acquario-civico-milano-558x314.jpg 558w, https:\/\/cosyinternational.com\/wp-content\/uploads\/2023\/07\/acquario-civico-milano-655x368.jpg 655w\" sizes=\"(max-width: 800px) 100vw, 800px\" \/><figcaption id=\"caption-attachment-7776\" class=\"wp-caption-text\">L\u2019Acquario Civico di Milano, l\u2019unico edificio a non venire demolito dopo l\u2019Esposizione Internazionale del 1906<\/figcaption><\/figure>\n<p>&nbsp;<\/p>\n<p>L\u2019Italia arriv\u00f2 in ritardo rispetto al resto d\u2019Europa, complice la <b>lenta industrializzazione del paese<\/b> (ad esclusione di alcune manifatture tessili e ceramiche del Nord Italia). Solamente negli anni \u201870 e \u201880 del XIX secolo il Nord cominci\u00f2 ad industrializzarsi, fatto a cui si affianc\u00f2 anche la fondazione di diverse <b>scuole di arti applicate<\/b> (il Politecnico di Milano nacque gi\u00e0 nel 1863).<\/p>\n<p>Questo pu\u00f2 sembrare un punto debole del design italiano, ma in parte \u00e8 anche una delle sue caratteristiche fondanti. La <b>forte tradizione di alto artigianato<\/b> che caratterizza l\u2019Italia port\u00f2 all\u2019interno dell\u2019imprenditoria una serie di dubbi sulla <b>produzione in serie<\/b>, cosa che port\u00f2 il design in Italia a muoversi tra arte industriale e artigianato.<\/p>\n<h2>L\u2019arredamento Liberty: il primo stile del Novecento<\/h2>\n<p>Tornando alla nostra storia dell\u2019arredamento, iniziamo con quello che fu a tutti gli effetti il<b> primo stile del Novecento<\/b>: il Liberty, altrimenti detto Art Nouveau, diffuso gi\u00e0 alla fine del secolo precedente. Il nome di questo movimento assunse diversi altri nomi a seconda dello Stato di appartenenza: in Italia era conosciuto anche come <b>Stile Floreale<\/b> o <b>Arte Nuova<\/b>, mentre invece in Germania lo ritroviamo come Jugendstil, in Austria come Sezessionstil e in Spagna come Arte Joven, per fare alcuni esempi.<\/p>\n<p>Il fatto che in buona parte d\u2019Europa il nome dell\u2019Art Nouveau sottolinei proprio il carattere \u201cnuovo\u201d e \u201cgiovane\u201d dello stile, \u00e8 gi\u00e0 sintomo di una delle sue caratteristiche pi\u00f9 importanti: il <b>rifiuto dell\u2019eclettismo storicista<\/b>, imperante nell\u2019Ottocento.<\/p>\n<p>Un altro fondamento del Liberty \u00e8 la volont\u00e0 di conciliare la lavorazione meccanica, figlia della rivoluzione industriale, e la componente estetica attraverso la <b>produzione seriale di oggetti belli<\/b> (almeno nella teoria: poi nella pratica i mobili Liberty furono essenzialmente pezzi unici). Il design (o forse si dovrebbe ancora parlare di \u201cprotodesign\u201d) di questi oggetti si rifaceva al <b>mondo naturale <\/b>e aveva come elemento protagonista la linea, in grado di trovare nuove soluzioni al rapporto tra forma e movimento.<\/p>\n<p>Nei mobili Art Nouveau troviamo decorazioni funzionali, che non hanno il solo scopo di ornare ma anche di strutturare la forma dell\u2019oggetto. Vi fu un particolare interesse per i colori e le trasparenze, oltre che un gusto per le immagini vorticose.<br \/>\nMa come si evolse questo stile in Italia?<\/p>\n<h3>Il Liberty nel design italiano<\/h3>\n<p>&nbsp;<\/p>\n<figure id=\"attachment_7780\" aria-describedby=\"caption-attachment-7780\" style=\"width: 800px\" class=\"wp-caption aligncenter\"><img loading=\"lazy\" decoding=\"async\" class=\"wp-image-7780\" src=\"https:\/\/cosyinternational.com\/wp-content\/uploads\/2023\/07\/1902-esposizione-torino.jpg\" alt=\"1902 esposizione torino\" width=\"800\" height=\"574\" srcset=\"https:\/\/cosyinternational.com\/wp-content\/uploads\/2023\/07\/1902-esposizione-torino.jpg 1280w, https:\/\/cosyinternational.com\/wp-content\/uploads\/2023\/07\/1902-esposizione-torino-300x215.jpg 300w, https:\/\/cosyinternational.com\/wp-content\/uploads\/2023\/07\/1902-esposizione-torino-1024x734.jpg 1024w, https:\/\/cosyinternational.com\/wp-content\/uploads\/2023\/07\/1902-esposizione-torino-768x551.jpg 768w, https:\/\/cosyinternational.com\/wp-content\/uploads\/2023\/07\/1902-esposizione-torino-1116x800.jpg 1116w, https:\/\/cosyinternational.com\/wp-content\/uploads\/2023\/07\/1902-esposizione-torino-806x578.jpg 806w, https:\/\/cosyinternational.com\/wp-content\/uploads\/2023\/07\/1902-esposizione-torino-558x400.jpg 558w, https:\/\/cosyinternational.com\/wp-content\/uploads\/2023\/07\/1902-esposizione-torino-655x470.jpg 655w\" sizes=\"(max-width: 800px) 100vw, 800px\" \/><figcaption id=\"caption-attachment-7780\" class=\"wp-caption-text\">Alcune fotografie dell\u2019Esposizione Internazionale d\u2019Arte Decorativa moderna di Torino del 1902<\/figcaption><\/figure>\n<p>&nbsp;<\/p>\n<p>In Italia fu il Liberty di matrice austriaco-tedesca ad influenzare lo Stile Floreale, non solo per il legame tra l\u2019ex Regno Lombardo-Veneto e l\u2019Impero Austriaco ma anche per il patto della Triplice Alleanza, stipulato nel 1882.<br \/>\nTra la fine dell\u2019Ottocento e l\u2019inizio della Prima Guerra Mondiale, l\u2019Italia fu interessata da un <b>primo sviluppo industriale<\/b>, che tuttavia non poteva essere paragonato a quello delle altre potenze europee. Anche la diffusione del Liberty ebbe i suoi limiti, nonostante esperienze positive come l\u2019<b>Esposizione di Torino<\/b> del 1902, con un programma che recitava queste parole:<\/p>\n<blockquote><p><i>\u201cVorremmo che questa mostra organica di arredi non avesse soltanto di mira un aristocratico carattere di eleganza e di bellezza d\u2019arte, ma anche e soprattutto una carattere pratico e industriale\u201d.<\/i><\/p><\/blockquote>\n<p>&nbsp;<\/p>\n<figure id=\"attachment_7783\" aria-describedby=\"caption-attachment-7783\" style=\"width: 800px\" class=\"wp-caption aligncenter\"><img loading=\"lazy\" decoding=\"async\" class=\"wp-image-7783 size-full\" src=\"https:\/\/cosyinternational.com\/wp-content\/uploads\/2023\/07\/15_2_eugenio-quarti-liberty.jpg\" alt=\"liberty italian design italiano\" width=\"800\" height=\"800\" srcset=\"https:\/\/cosyinternational.com\/wp-content\/uploads\/2023\/07\/15_2_eugenio-quarti-liberty.jpg 800w, https:\/\/cosyinternational.com\/wp-content\/uploads\/2023\/07\/15_2_eugenio-quarti-liberty-300x300.jpg 300w, https:\/\/cosyinternational.com\/wp-content\/uploads\/2023\/07\/15_2_eugenio-quarti-liberty-150x150.jpg 150w, https:\/\/cosyinternational.com\/wp-content\/uploads\/2023\/07\/15_2_eugenio-quarti-liberty-768x768.jpg 768w, https:\/\/cosyinternational.com\/wp-content\/uploads\/2023\/07\/15_2_eugenio-quarti-liberty-468x468.jpg 468w, https:\/\/cosyinternational.com\/wp-content\/uploads\/2023\/07\/15_2_eugenio-quarti-liberty-558x558.jpg 558w, https:\/\/cosyinternational.com\/wp-content\/uploads\/2023\/07\/15_2_eugenio-quarti-liberty-655x655.jpg 655w\" sizes=\"(max-width: 800px) 100vw, 800px\" \/><figcaption id=\"caption-attachment-7783\" class=\"wp-caption-text\">Un armadio dell\u2019ebanista Eugenio Quarti. Fonte: notizie.dimanoinmano.it<\/figcaption><\/figure>\n<p>&nbsp;<\/p>\n<p>Ovviamente non mancarono personalit\u00e0 italiane eccezionali, nell\u2019ambito dell\u2019Art Nouveau: basti pensare al lavoro di Eugenio Quarti, Vittorio Ducrot e di Ernesto Bas.<\/p>\n<p>Fuoriuscendo per un attimo dal campo dell\u2019arredamento, questo per il design italiano fu un periodo importante per il <b>settore automobilistico e aeronautico<\/b>. Nel 1899 venne fondata la FIAT, pochi anni dopo la Lancia (1908) e nel 1918 quella che sarebbe diventata l\u2019Alfa Romeo. Inoltre nel 1916 Gianni Caproni costitu\u00ec il consorzio Caproni-Fiat-Ansaldo.<\/p>\n<p>Il 1908 fu anche l\u2019anno di fondazione della Olivetti, che a cavallo degli anni Cinquanta e Sessanta sarebbe diventata una vera e propria azienda internazionale grazie alle famose macchine da scrivere.<\/p>\n<p>&nbsp;<\/p>\n<figure id=\"attachment_7785\" aria-describedby=\"caption-attachment-7785\" style=\"width: 800px\" class=\"wp-caption aligncenter\"><img loading=\"lazy\" decoding=\"async\" class=\"wp-image-7785 size-full\" src=\"https:\/\/cosyinternational.com\/wp-content\/uploads\/2023\/07\/fabbrica-di-mobili-ducrot.jpg\" alt=\"fabbrica di mobili ducrot\" width=\"800\" height=\"590\" srcset=\"https:\/\/cosyinternational.com\/wp-content\/uploads\/2023\/07\/fabbrica-di-mobili-ducrot.jpg 800w, https:\/\/cosyinternational.com\/wp-content\/uploads\/2023\/07\/fabbrica-di-mobili-ducrot-300x221.jpg 300w, https:\/\/cosyinternational.com\/wp-content\/uploads\/2023\/07\/fabbrica-di-mobili-ducrot-768x566.jpg 768w, https:\/\/cosyinternational.com\/wp-content\/uploads\/2023\/07\/fabbrica-di-mobili-ducrot-558x412.jpg 558w, https:\/\/cosyinternational.com\/wp-content\/uploads\/2023\/07\/fabbrica-di-mobili-ducrot-655x483.jpg 655w\" sizes=\"(max-width: 800px) 100vw, 800px\" \/><figcaption id=\"caption-attachment-7785\" class=\"wp-caption-text\">Il reparto intaglio del legno della Fabbrica di mobili Ducrot a Palermo, nel 1927<\/figcaption><\/figure>\n<h2>L\u2019Art D\u00e9co e la nascita dell\u2019industrial design<\/h2>\n<p>Lo stile che maggiormente rappresenta gli anni Venti del Novecento fu l\u2019Art D\u00e9co, erede della<b> linea geometrica<\/b> di Charles R. Mackintosh, uno dei maggiori esponenti dell\u2019Art Nouveau del Regno Unito, diversa dalla linea organica che si era diffusa invece in paesi come la Francia. Fu probabilmente il <b>primo stile \u201cinternazionale\u201d<\/b>, dato che ebbe successo sia in Europa che in America con l\u2019arredo dei locali pubblici, delle sale cinematografiche, dei grattacieli e dei grandi alberghi.<\/p>\n<p>Come gi\u00e0 accennato, le forme Art D\u00e9co nacquero dalla stilizzazione geometrica e sono caratterizzate da quadrati, triangoli, cerchi e spirali, con una predilezione anche per i motivi a zig-zag e per la radialit\u00e0.<\/p>\n<p>L\u2019Art D\u00e9co fu uno stile che non ebbe timore di utilizzare <b>forti tonalit\u00e0 di colore<\/b>, dai caldi rosso e giallo al viola e all\u2019azzurro.<\/p>\n<p>&nbsp;<\/p>\n<figure id=\"attachment_7787\" aria-describedby=\"caption-attachment-7787\" style=\"width: 800px\" class=\"wp-caption aligncenter\"><img loading=\"lazy\" decoding=\"async\" class=\"wp-image-7787\" src=\"https:\/\/cosyinternational.com\/wp-content\/uploads\/2023\/07\/15_1_cassettiera-cabanel-1921-22-jacques-emile-ruhlmann.jpg\" alt=\"cabanel ruhlmann\" width=\"800\" height=\"1201\" srcset=\"https:\/\/cosyinternational.com\/wp-content\/uploads\/2023\/07\/15_1_cassettiera-cabanel-1921-22-jacques-emile-ruhlmann.jpg 682w, https:\/\/cosyinternational.com\/wp-content\/uploads\/2023\/07\/15_1_cassettiera-cabanel-1921-22-jacques-emile-ruhlmann-200x300.jpg 200w, https:\/\/cosyinternational.com\/wp-content\/uploads\/2023\/07\/15_1_cassettiera-cabanel-1921-22-jacques-emile-ruhlmann-558x838.jpg 558w, https:\/\/cosyinternational.com\/wp-content\/uploads\/2023\/07\/15_1_cassettiera-cabanel-1921-22-jacques-emile-ruhlmann-655x983.jpg 655w\" sizes=\"(max-width: 800px) 100vw, 800px\" \/><figcaption id=\"caption-attachment-7787\" class=\"wp-caption-text\">Cassettiera Cabanel di Jacques Emile Ruhlmann, 1921-22. Fonte: meisterdrucke.it<\/figcaption><\/figure>\n<p>&nbsp;<\/p>\n<p>Per quanto riguarda l\u2019arredamento, i grandi armadi D\u00e9co tendevano a <b>mimetizzarsi con la parete<\/b> e a diventare un tutt&#8217;uno con il resto della stanza. Gli altri mobili contenitori erano caratterizzati da <b>gambe alte e sottili<\/b>, per staccare il corpo principale il pi\u00f9 possibile dal pavimento.<br \/>\nVenivano impiegati<b> legni pregiati ed esotici<\/b>, accompagnati in alcuni casi da cuoio, avorio e intarsi polimaterici. Gli spigoli scomparvero, a favore di bombature e linee spezzate a tratti curve e a tratti rettilinee.<br \/>\nInvenzione di quest\u2019epoca fu il <b>mobile-bar<\/b>, che poi divenne un unico pezzo insieme al <b>mobile-radio<\/b>.<\/p>\n<p>Nello stesso periodo prese piede anche un\u2019idea pi\u00f9 consapevole dell\u2019industrial design attraverso movimenti come il Bauhaus in Germania, il De Stijl nei Paesi Bassi e l\u2019Esprit Nouveau in Francia, nonch\u00e9 la scuola scandinava di Alvar Aalto.<br \/>\nL\u2019idea di <b>arredo di design<\/b> si consolid\u00f2 a tal punto che, dopo la crisi del \u201829, le classi agiate compravano non artigianato di lusso, ma<i> design<\/i> di lusso.<\/p>\n<p>Vennero introdotti materiali nuovi come il <b>tubolare metallico<\/b>, il<b> lamierino<\/b>, il <b>cemento<\/b> e le <b>fibre sintetiche<\/b>, mentre invece le decorazioni vennero abolite: nell\u2019ottica dell\u2019industrial design, il mobile aveva lo scopo di assolvere ad un compito ben preciso, quindi qualsiasi orpello veniva considerato obsoleto (per citare Le Corbusier: <i>\u201cLa casa \u00e8 una macchina per abitare\u201d<\/i>). Vi era comunque un\u2019importante componente estetica, da ritrovare nell\u2019uso dei colori, nelle proporzioni degli elementi e, a volte, nella coesistenza di pi\u00f9 materiali.<\/p>\n<p>&nbsp;<\/p>\n<figure id=\"attachment_7789\" aria-describedby=\"caption-attachment-7789\" style=\"width: 800px\" class=\"wp-caption aligncenter\"><img loading=\"lazy\" decoding=\"async\" class=\"wp-image-7789 size-full\" src=\"https:\/\/cosyinternational.com\/wp-content\/uploads\/2023\/07\/casiers-standard-le-corbusier.jpg\" alt=\"casiers standard le corbusier\" width=\"800\" height=\"436\" srcset=\"https:\/\/cosyinternational.com\/wp-content\/uploads\/2023\/07\/casiers-standard-le-corbusier.jpg 800w, https:\/\/cosyinternational.com\/wp-content\/uploads\/2023\/07\/casiers-standard-le-corbusier-300x164.jpg 300w, https:\/\/cosyinternational.com\/wp-content\/uploads\/2023\/07\/casiers-standard-le-corbusier-768x419.jpg 768w, https:\/\/cosyinternational.com\/wp-content\/uploads\/2023\/07\/casiers-standard-le-corbusier-558x304.jpg 558w, https:\/\/cosyinternational.com\/wp-content\/uploads\/2023\/07\/casiers-standard-le-corbusier-655x357.jpg 655w\" sizes=\"(max-width: 800px) 100vw, 800px\" \/><figcaption id=\"caption-attachment-7789\" class=\"wp-caption-text\">I Casiers Standard di Le Corbusier e Charlotte Perriand. Fonte: tekno24.it<\/figcaption><\/figure>\n<p>&nbsp;<\/p>\n<p>La rivoluzione dell\u2019industrial design fu una nuova concezione di arredamento che prevedeva <strong>contenitori modulari e componibili<\/strong>, come i Casiers Standard di Le Corbusier e Charlotte Perriand. Nacquero inoltre i <strong>primi mobili metallici<\/strong> pensati per l\u2019arredo domestico (prima venivano usati solamente negli uffici), punto di riferimento ancora oggi per il design contemporaneo: basti pensare a collezioni come Metallica, che usa materiali come acciaio satinato, cromato, bronzo e oro per i propri <a href=\"https:\/\/cosyinternational.com\/it\/esclusivo-guardaroba-con-struttura-in-metallo-metallica\/\">armadi in metallo<\/a> di pregio.<\/p>\n<h3>Art D\u00e9co e Stile Novecento in Italia<\/h3>\n<p>Durante gli anni Venti, in Italia la produzione di mobili risultava piuttosto varia. Per comprendere meglio il periodo storico, si pu\u00f2 prendere da esempio la <strong>I Biennale delle Arti Decorative di Monza<\/strong> del 1923, in cui si poteva ammirare le opere futuriste di Fortunato Depero, arredamento Liberty e anche prodotti Art D\u00e9co, stile che in Italia venne interpretato come una sintesi tra Art Nouveau, Neoclassicismo Milanese (caratterizzato da una produzione di mobili di lusso) e Stile Novecento, che Vittorio Gregotti successivamente commenta con queste parole:<\/p>\n<blockquote><p><i>\u201cPer la borghesia resa pi\u00f9 sicura dal fascismo si allestisce un nuovo stile: il \u2018900. Accanto alla camera da letto in Luigi XV, accanto allo studio in stile rinascimento, al salone in stile impero, ecco, magari dopo aver gettato gli ormai sorpassati mobili liberty, il salotto in stile \u2018900\u201d.<\/i><\/p><\/blockquote>\n<p>&nbsp;<\/p>\n<figure id=\"attachment_7792\" aria-describedby=\"caption-attachment-7792\" style=\"width: 800px\" class=\"wp-caption aligncenter\"><img loading=\"lazy\" decoding=\"async\" class=\"wp-image-7792\" src=\"https:\/\/cosyinternational.com\/wp-content\/uploads\/2023\/07\/18_1930_armadio-di-tomaso-buzzi-per-il-labirinto.jpg\" alt=\"stile novecento art deco\" width=\"800\" height=\"800\" srcset=\"https:\/\/cosyinternational.com\/wp-content\/uploads\/2023\/07\/18_1930_armadio-di-tomaso-buzzi-per-il-labirinto.jpg 564w, https:\/\/cosyinternational.com\/wp-content\/uploads\/2023\/07\/18_1930_armadio-di-tomaso-buzzi-per-il-labirinto-300x300.jpg 300w, https:\/\/cosyinternational.com\/wp-content\/uploads\/2023\/07\/18_1930_armadio-di-tomaso-buzzi-per-il-labirinto-150x150.jpg 150w, https:\/\/cosyinternational.com\/wp-content\/uploads\/2023\/07\/18_1930_armadio-di-tomaso-buzzi-per-il-labirinto-468x468.jpg 468w, https:\/\/cosyinternational.com\/wp-content\/uploads\/2023\/07\/18_1930_armadio-di-tomaso-buzzi-per-il-labirinto-558x558.jpg 558w\" sizes=\"(max-width: 800px) 100vw, 800px\" \/><figcaption id=\"caption-attachment-7792\" class=\"wp-caption-text\">Armadio di Tomaso Buzzi, 1930. Fonte: 1stdibs.com<\/figcaption><\/figure>\n<p>&nbsp;<\/p>\n<p>Con la III e la IV Biennale venne confermato il successo dello Stile Novecento. In occasione della V edizione del 1933 (che, dopo essersi spostata nel nuovo Palazzo dell&#8217;Arte di Milano, divent\u00f2 Triennale), per\u00f2, i due architetti Gio Ponti ed Emilio Lancia presentarono un progetto in controtendenza: <b>Domus Nova<\/b>, un arredamento formato da mobili economici, semplici e funzionali che aveva lo scopo di cambiare la casa della media borghesia.<\/p>\n<p>&nbsp;<\/p>\n<figure id=\"attachment_7794\" aria-describedby=\"caption-attachment-7794\" style=\"width: 800px\" class=\"wp-caption aligncenter\"><img loading=\"lazy\" decoding=\"async\" class=\"wp-image-7794\" src=\"https:\/\/cosyinternational.com\/wp-content\/uploads\/2023\/07\/17_1928_cassettiera-con-specchio-design-italiano-gio-ponti-emilio-lancia.jpg\" alt=\"italian design italiano domus nova\" width=\"800\" height=\"983\" srcset=\"https:\/\/cosyinternational.com\/wp-content\/uploads\/2023\/07\/17_1928_cassettiera-con-specchio-design-italiano-gio-ponti-emilio-lancia.jpg 900w, https:\/\/cosyinternational.com\/wp-content\/uploads\/2023\/07\/17_1928_cassettiera-con-specchio-design-italiano-gio-ponti-emilio-lancia-244x300.jpg 244w, https:\/\/cosyinternational.com\/wp-content\/uploads\/2023\/07\/17_1928_cassettiera-con-specchio-design-italiano-gio-ponti-emilio-lancia-833x1024.jpg 833w, https:\/\/cosyinternational.com\/wp-content\/uploads\/2023\/07\/17_1928_cassettiera-con-specchio-design-italiano-gio-ponti-emilio-lancia-768x944.jpg 768w, https:\/\/cosyinternational.com\/wp-content\/uploads\/2023\/07\/17_1928_cassettiera-con-specchio-design-italiano-gio-ponti-emilio-lancia-806x990.jpg 806w, https:\/\/cosyinternational.com\/wp-content\/uploads\/2023\/07\/17_1928_cassettiera-con-specchio-design-italiano-gio-ponti-emilio-lancia-558x686.jpg 558w, https:\/\/cosyinternational.com\/wp-content\/uploads\/2023\/07\/17_1928_cassettiera-con-specchio-design-italiano-gio-ponti-emilio-lancia-655x805.jpg 655w\" sizes=\"(max-width: 800px) 100vw, 800px\" \/><figcaption id=\"caption-attachment-7794\" class=\"wp-caption-text\">Cassettiera con specchio di Domus Nova, disegnata da Gio Ponti ed Emilio Lancia nel 1928-32. Fonte: capitoliumart.it<\/figcaption><\/figure>\n<p>&nbsp;<\/p>\n<p>Sempre rimanendo in epoca fascista, acquist\u00f2 valore (soprattutto nell\u2019arredo per l\u2019ufficio, gli edifici pubblici e le Case del Fascio) il <b>mobile metallico<\/b>. Nonostante il successo del tubolare d\u2019acciaio cromato, per\u00f2, il costo di realizzazione era ancora troppo alto per una maggior diffusione: un mobile in metallo, infatti, costava il doppio di uno in legno.<\/p>\n<h2>L\u2019avanguardia in Italia: il Futurismo<\/h2>\n<p>Fino ad ora abbiamo tralasciato un movimento che merita un paragrafo a parte: il Futurismo, avanguardia prettamente italiana che voleva a tutti i costi rinnovare la cultura, rifiutando il passato e guardando al futuro. Fu un <b>movimento totale<\/b>, che riguardava non solo l\u2019arte e l\u2019interior design italiano ma ogni aspetto della vita quotidiana.<\/p>\n<p>Nel 1915, i futuristi Giacomo Balla e Fortunato Depero pubblicarono il manifesto <i>Ricostruzione Futurista dell\u2019Universo<\/i>, che comprendeva anche il rinnovamento dell\u2019arredo. Balla, vero e proprio protodesigner, progett\u00f2 la propria abitazione di Roma con colori particolarmente accesi e mobili facili e veloci da costruire: la velocit\u00e0 per il Futurismo era tutto, anche nell\u2019arredamento.<\/p>\n<p>&nbsp;<\/p>\n<figure id=\"attachment_7796\" aria-describedby=\"caption-attachment-7796\" style=\"width: 800px\" class=\"wp-caption aligncenter\"><img loading=\"lazy\" decoding=\"async\" class=\"wp-image-7796\" src=\"https:\/\/cosyinternational.com\/wp-content\/uploads\/2023\/07\/16_1918_credenza-di-giacomo-balla.jpg\" alt=\"italian futurism\" width=\"800\" height=\"897\" srcset=\"https:\/\/cosyinternational.com\/wp-content\/uploads\/2023\/07\/16_1918_credenza-di-giacomo-balla.jpg 428w, https:\/\/cosyinternational.com\/wp-content\/uploads\/2023\/07\/16_1918_credenza-di-giacomo-balla-268x300.jpg 268w\" sizes=\"(max-width: 800px) 100vw, 800px\" \/><figcaption id=\"caption-attachment-7796\" class=\"wp-caption-text\">Credenza Giacomo Balla 1918. Fonte: futur-ism.it<\/figcaption><\/figure>\n<h2>Gli anni Cinquanta del design italiano<\/h2>\n<p>Con la fine della Seconda Guerra Mondiale, l\u2019Italia e il resto dell\u2019Europa vennero sostenuti dagli aiuti economici degli Stati Uniti destinati alla ricostruzione. Lo stile di vita americano divenne il modello di riferimento per la cultura occidentale. Fu per\u00f2 anche il periodo che vide la <b>nascita del Made in Italy e dell\u2019Italian Style<\/b>, ufficialmente nel 1947 con la VIII Triennale di Milano: il design italiano cominci\u00f2 a diventare un punto di riferimento per tutto il mondo. Inoltre nel 1954 venne istituito il <b>Premio Compasso d\u2019Oro<\/b>, il pi\u00f9 antico dedicato al design.<\/p>\n<p>Il numero 48 della rivista Domus scriveva, nel 1952:<\/p>\n<blockquote><p><i>&#8220;\u00c8 il momento del disegno industriale, per il gusto, per l&#8217;estetica della produzione, lo \u00e8 per la cultura e per la tecnica; lo \u00e8 per la civilt\u00e0 e per il costume; lo \u00e8 soprattutto per la nostra Italia, la cui materia prima, la cui vocazione \u00e8 sempre stata (e meravigliosamente, e sempre sar\u00e0 per grazia divina) quella di &#8211; ci si perdoni l&#8217;espressione vecchio stile &#8211; &#8216;creare il bello'&#8221;.<\/i><\/p><\/blockquote>\n<p>Negli anni Cinquanta cominciarono a definirsi gli<strong> aspetti positivi e negativi<\/strong> tipici del design italiano: la mancanza di uno stile unitario, la ricchezza del dibattito critico, la convivenza\/tensione tra industria e artigianato, nonch\u00e9 il suo carattere elitario (anche se possiamo considerare la Vespa del 1945, la Lambretta del 1947 e la Fiat 500 del 1957 manifestazioni della versione \u201cpovera\u201d del design italiano). I designer italiani seguivano due forti tendenze: l\u2019\u201corgoglio della modestia\u201d e il \u201clusso necessario\u201d.<\/p>\n<figure id=\"attachment_7798\" aria-describedby=\"caption-attachment-7798\" style=\"width: 800px\" class=\"wp-caption aligncenter\"><img loading=\"lazy\" decoding=\"async\" class=\"wp-image-7798\" src=\"https:\/\/cosyinternational.com\/wp-content\/uploads\/2023\/07\/21_1950_armadio-vittorio-dassi.jpg\" alt=\"italian design italiano vittorio dassi\" width=\"800\" height=\"600\" srcset=\"https:\/\/cosyinternational.com\/wp-content\/uploads\/2023\/07\/21_1950_armadio-vittorio-dassi.jpg 1280w, https:\/\/cosyinternational.com\/wp-content\/uploads\/2023\/07\/21_1950_armadio-vittorio-dassi-300x225.jpg 300w, https:\/\/cosyinternational.com\/wp-content\/uploads\/2023\/07\/21_1950_armadio-vittorio-dassi-1024x768.jpg 1024w, https:\/\/cosyinternational.com\/wp-content\/uploads\/2023\/07\/21_1950_armadio-vittorio-dassi-768x576.jpg 768w, https:\/\/cosyinternational.com\/wp-content\/uploads\/2023\/07\/21_1950_armadio-vittorio-dassi-1116x837.jpg 1116w, https:\/\/cosyinternational.com\/wp-content\/uploads\/2023\/07\/21_1950_armadio-vittorio-dassi-806x605.jpg 806w, https:\/\/cosyinternational.com\/wp-content\/uploads\/2023\/07\/21_1950_armadio-vittorio-dassi-558x419.jpg 558w, https:\/\/cosyinternational.com\/wp-content\/uploads\/2023\/07\/21_1950_armadio-vittorio-dassi-655x491.jpg 655w\" sizes=\"(max-width: 800px) 100vw, 800px\" \/><figcaption id=\"caption-attachment-7798\" class=\"wp-caption-text\">Armadio con porte scorrevoli di Vittorio Dassi, anni Cinquanta. Fonte: intondo.com<\/figcaption><\/figure>\n<p>Testimoni del \u201clusso necessario\u201d furono i mobili di<b> Vittorio Dassi<\/b>, realizzati negli anni Quaranta e Cinquanta, caratterizzati da una selezione di legni pregiati (ciliegio, noce, palissandro e frassino), pannelli intarsiati e cristalli di lusso.<br \/>\nUn altro esempio \u00e8 <b>Azucena<\/b>, marchio di arredamento fondato nel 1947 che reinterpret\u00f2 l\u2019arredamento di lusso con l\u2019accostamento di materiali nuovi e tradizionali. Uno dei fondamenti dei mobili Azucena era la ricerca della luminosit\u00e0, attraverso lacche, trasparenze, ottone cromato lucido, finiture e colori. Lo scopo era produrre un tipo di arredamento<i> timeless<\/i>, resistente alle mode (una missione comune a Cosy International).<\/p>\n<p>&nbsp;<\/p>\n<figure id=\"attachment_7800\" aria-describedby=\"caption-attachment-7800\" style=\"width: 800px\" class=\"wp-caption aligncenter\"><img loading=\"lazy\" decoding=\"async\" class=\"wp-image-7800\" src=\"https:\/\/cosyinternational.com\/wp-content\/uploads\/2023\/07\/24_armadio-luigi-caccia-dominioni-azucena.jpg\" alt=\"azucena made in italy\" width=\"800\" height=\"800\" srcset=\"https:\/\/cosyinternational.com\/wp-content\/uploads\/2023\/07\/24_armadio-luigi-caccia-dominioni-azucena.jpg 1536w, https:\/\/cosyinternational.com\/wp-content\/uploads\/2023\/07\/24_armadio-luigi-caccia-dominioni-azucena-300x300.jpg 300w, https:\/\/cosyinternational.com\/wp-content\/uploads\/2023\/07\/24_armadio-luigi-caccia-dominioni-azucena-1024x1024.jpg 1024w, https:\/\/cosyinternational.com\/wp-content\/uploads\/2023\/07\/24_armadio-luigi-caccia-dominioni-azucena-150x150.jpg 150w, https:\/\/cosyinternational.com\/wp-content\/uploads\/2023\/07\/24_armadio-luigi-caccia-dominioni-azucena-768x768.jpg 768w, https:\/\/cosyinternational.com\/wp-content\/uploads\/2023\/07\/24_armadio-luigi-caccia-dominioni-azucena-468x468.jpg 468w, https:\/\/cosyinternational.com\/wp-content\/uploads\/2023\/07\/24_armadio-luigi-caccia-dominioni-azucena-1116x1116.jpg 1116w, https:\/\/cosyinternational.com\/wp-content\/uploads\/2023\/07\/24_armadio-luigi-caccia-dominioni-azucena-806x806.jpg 806w, https:\/\/cosyinternational.com\/wp-content\/uploads\/2023\/07\/24_armadio-luigi-caccia-dominioni-azucena-558x558.jpg 558w, https:\/\/cosyinternational.com\/wp-content\/uploads\/2023\/07\/24_armadio-luigi-caccia-dominioni-azucena-655x655.jpg 655w\" sizes=\"(max-width: 800px) 100vw, 800px\" \/><figcaption id=\"caption-attachment-7800\" class=\"wp-caption-text\">Mobile di Luigi Caccia Dominioni per Azucena degli anni 70. Fonte: dimanoinmano.it<\/figcaption><\/figure>\n<h2>I nuovi materiali degli anni Sessanta<\/h2>\n<p>Durante gli anni Sessanta il design italiano raggiunse la sua piena maturit\u00e0. Nel <b><i>furniture design<\/i><\/b> vennero utilizzati nuovi materiali, tra cui le<b> plastiche<\/b> e il <b>poliuretano<\/b>, che permisero finalmente una produzione industriale degli oggetti. In particolare le plastiche divennero il nuovo materiale di riferimento, non solo per i vantaggi tecnici ma anche per quello che rappresentavano: uguaglianza, democrazia, libert\u00e0.<\/p>\n<p>Tra i tantissimo designer attivi ricordiamo il visionario <b>Joe Colombo<\/b>, che sfrutt\u00f2 questi nuovi materiali per migliorare il comfort degli italiani durante gli anni Sessanta e Settanta. Ad esempio, nel 1964 propose l\u2019<b>armadio multifunzionale<\/b> Personal Container, che aveva lo scopo di ridurre l\u2019ingombro del mobile e massimizzare la sua funzione di<i> storage<\/i>: poteva essere usato per l\u2019abbigliamento, ma comprendeva anche un giradischi, una radio, una libreria, un posacenere e una serie di armadietti utili.<\/p>\n<p>&nbsp;<\/p>\n<figure id=\"attachment_7802\" aria-describedby=\"caption-attachment-7802\" style=\"width: 800px\" class=\"wp-caption aligncenter\"><img loading=\"lazy\" decoding=\"async\" class=\"wp-image-7802\" src=\"https:\/\/cosyinternational.com\/wp-content\/uploads\/2023\/07\/23_personal-container-jo-colombo.jpg\" alt=\"personal container joe colombo\" width=\"800\" height=\"1088\" srcset=\"https:\/\/cosyinternational.com\/wp-content\/uploads\/2023\/07\/23_personal-container-jo-colombo.jpg 441w, https:\/\/cosyinternational.com\/wp-content\/uploads\/2023\/07\/23_personal-container-jo-colombo-221x300.jpg 221w\" sizes=\"(max-width: 800px) 100vw, 800px\" \/><figcaption id=\"caption-attachment-7802\" class=\"wp-caption-text\">Personal Container di Joe Colombo, 1964. Fonte: sbandiu.com<\/figcaption><\/figure>\n<h2>Anti-Design e Contro-Design: lo stile Radical<\/h2>\n<p>A cavallo tra gli anni Sessanta e Settanta si respirava un clima di protesta e di contestazione. Questo si ritrov\u00f2 anche nel mondo del design italiano. Gli spazi stavano cambiando: la sala da pranzo e il soggiorno si fusero, le poltrone diventarono pi\u00f9 confortevoli (in funzione del tempo passato davanti alla tv) e una nuova ironia si diffuse tra molti giovani autori che, sentendosi esclusi dalla corrente razionalista e dall\u2019<i>Italian Style <\/i>di quegli anni, si riunirono in diversi studi per proporre progetti all\u2019avanguardia: ritroviamo <b>Archizoom<\/b> e <b>Superstudio<\/b> (1966),<b> Ufo<\/b> (1967), <b>9999<\/b> (1968) e <b>Alchimia<\/b> (1976).<\/p>\n<p>&nbsp;<\/p>\n<figure id=\"attachment_7804\" aria-describedby=\"caption-attachment-7804\" style=\"width: 800px\" class=\"wp-caption aligncenter\"><img loading=\"lazy\" decoding=\"async\" class=\"wp-image-7804\" src=\"https:\/\/cosyinternational.com\/wp-content\/uploads\/2023\/07\/serie-misura-superstudio-1.jpg\" alt=\"superstudio made in italy\" width=\"800\" height=\"539\" srcset=\"https:\/\/cosyinternational.com\/wp-content\/uploads\/2023\/07\/serie-misura-superstudio-1.jpg 960w, https:\/\/cosyinternational.com\/wp-content\/uploads\/2023\/07\/serie-misura-superstudio-1-300x202.jpg 300w, https:\/\/cosyinternational.com\/wp-content\/uploads\/2023\/07\/serie-misura-superstudio-1-768x518.jpg 768w, https:\/\/cosyinternational.com\/wp-content\/uploads\/2023\/07\/serie-misura-superstudio-1-806x543.jpg 806w, https:\/\/cosyinternational.com\/wp-content\/uploads\/2023\/07\/serie-misura-superstudio-1-558x376.jpg 558w, https:\/\/cosyinternational.com\/wp-content\/uploads\/2023\/07\/serie-misura-superstudio-1-655x441.jpg 655w\" sizes=\"(max-width: 800px) 100vw, 800px\" \/><figcaption id=\"caption-attachment-7804\" class=\"wp-caption-text\">La serie Misura di Superstudio del 1972. Fonte: domusweb.it<\/figcaption><\/figure>\n<p>&nbsp;<\/p>\n<p>Le attivit\u00e0 di questi giovani designer vennero raggruppati sotto il termine Radical Design in occasione della XIV Triennale di Milano del 1968. Il Radical Design contest\u00f2 in modo ironico il product design dell\u2019epoca rispondendo con il contro-design, caratterizzato da mobili impossibili e da riferimenti alla corrente Dada.<\/p>\n<p>&nbsp;<\/p>\n<figure id=\"attachment_7806\" aria-describedby=\"caption-attachment-7806\" style=\"width: 800px\" class=\"wp-caption aligncenter\"><img loading=\"lazy\" decoding=\"async\" class=\"wp-image-7806\" src=\"https:\/\/cosyinternational.com\/wp-content\/uploads\/2023\/07\/night-cell-jo-colombo-1.jpg\" alt=\"night cell joe colombo\" width=\"800\" height=\"560\" srcset=\"https:\/\/cosyinternational.com\/wp-content\/uploads\/2023\/07\/night-cell-jo-colombo-1.jpg 500w, https:\/\/cosyinternational.com\/wp-content\/uploads\/2023\/07\/night-cell-jo-colombo-1-300x210.jpg 300w, https:\/\/cosyinternational.com\/wp-content\/uploads\/2023\/07\/night-cell-jo-colombo-1-468x328.jpg 468w\" sizes=\"(max-width: 800px) 100vw, 800px\" \/><figcaption id=\"caption-attachment-7806\" class=\"wp-caption-text\">Cella abitativa progettata da Joe Colombo per Bayer, 1969. Fonte: eclecticlivinghome.wordpress.com<\/figcaption><\/figure>\n<p>&nbsp;<\/p>\n<p>Il 1972 fu inoltre l\u2019anno di una mostra che consacr\u00f2 ulteriormente il design italiano: <strong><i>Italy: The New Domestic Landscape<\/i><\/strong>, organizzata al MoMa di New York.<\/p>\n<figure id=\"attachment_7808\" aria-describedby=\"caption-attachment-7808\" style=\"width: 800px\" class=\"wp-caption aligncenter\"><img loading=\"lazy\" decoding=\"async\" class=\"wp-image-7808\" src=\"https:\/\/cosyinternational.com\/wp-content\/uploads\/2023\/07\/installazione-della-mostra-dedicata-agli-oggetti-nei-giardini-del-moma-1972.jpg\" alt=\"italy the new domestic landscape\" width=\"800\" height=\"490\" srcset=\"https:\/\/cosyinternational.com\/wp-content\/uploads\/2023\/07\/installazione-della-mostra-dedicata-agli-oggetti-nei-giardini-del-moma-1972.jpg 1392w, https:\/\/cosyinternational.com\/wp-content\/uploads\/2023\/07\/installazione-della-mostra-dedicata-agli-oggetti-nei-giardini-del-moma-1972-300x184.jpg 300w, https:\/\/cosyinternational.com\/wp-content\/uploads\/2023\/07\/installazione-della-mostra-dedicata-agli-oggetti-nei-giardini-del-moma-1972-1024x627.jpg 1024w, https:\/\/cosyinternational.com\/wp-content\/uploads\/2023\/07\/installazione-della-mostra-dedicata-agli-oggetti-nei-giardini-del-moma-1972-768x470.jpg 768w, https:\/\/cosyinternational.com\/wp-content\/uploads\/2023\/07\/installazione-della-mostra-dedicata-agli-oggetti-nei-giardini-del-moma-1972-1116x683.jpg 1116w, https:\/\/cosyinternational.com\/wp-content\/uploads\/2023\/07\/installazione-della-mostra-dedicata-agli-oggetti-nei-giardini-del-moma-1972-806x493.jpg 806w, https:\/\/cosyinternational.com\/wp-content\/uploads\/2023\/07\/installazione-della-mostra-dedicata-agli-oggetti-nei-giardini-del-moma-1972-558x342.jpg 558w, https:\/\/cosyinternational.com\/wp-content\/uploads\/2023\/07\/installazione-della-mostra-dedicata-agli-oggetti-nei-giardini-del-moma-1972-655x401.jpg 655w\" sizes=\"(max-width: 800px) 100vw, 800px\" \/><figcaption id=\"caption-attachment-7808\" class=\"wp-caption-text\">La mostra dedicata al design italiano al MoMa, con una sezione dedicata agli oggetti. Fonte: artuu.it<\/figcaption><\/figure>\n<h2>Nuove icone del design italiano<\/h2>\n<p>Gli anni Ottanta furono il decennio in cui tutto sembrava possibile, sia nella vita di tutti i giorni che nell\u2019arte e nel design. Fu il periodo d\u2019oro di realt\u00e0 come <b>Memphis Group<\/b>, fondato nel 1981 da Ettore Sottsass, e l\u2019<b>azienda Alessi<\/b>, che esisteva gi\u00e0 dal 1921, ma in quegli anni si distinse per il nuovo marchio Officina Alessi e per la produzione di prodotti sperimentali in edizioni limitate, come quelli realizzati dal Compasso d\u2019Oro Stefano Giovannoni.<\/p>\n<p>&nbsp;<\/p>\n<figure id=\"attachment_7810\" aria-describedby=\"caption-attachment-7810\" style=\"width: 800px\" class=\"wp-caption aligncenter\"><img loading=\"lazy\" decoding=\"async\" class=\"wp-image-7810\" src=\"https:\/\/cosyinternational.com\/wp-content\/uploads\/2023\/07\/28_1981_armadio-pacific-di-michele-de-lucchi-1981.jpg\" alt=\"armadio made in italy closet\" width=\"800\" height=\"800\" srcset=\"https:\/\/cosyinternational.com\/wp-content\/uploads\/2023\/07\/28_1981_armadio-pacific-di-michele-de-lucchi-1981.jpg 2000w, https:\/\/cosyinternational.com\/wp-content\/uploads\/2023\/07\/28_1981_armadio-pacific-di-michele-de-lucchi-1981-300x300.jpg 300w, https:\/\/cosyinternational.com\/wp-content\/uploads\/2023\/07\/28_1981_armadio-pacific-di-michele-de-lucchi-1981-1024x1024.jpg 1024w, https:\/\/cosyinternational.com\/wp-content\/uploads\/2023\/07\/28_1981_armadio-pacific-di-michele-de-lucchi-1981-150x150.jpg 150w, https:\/\/cosyinternational.com\/wp-content\/uploads\/2023\/07\/28_1981_armadio-pacific-di-michele-de-lucchi-1981-768x768.jpg 768w, https:\/\/cosyinternational.com\/wp-content\/uploads\/2023\/07\/28_1981_armadio-pacific-di-michele-de-lucchi-1981-1536x1536.jpg 1536w, https:\/\/cosyinternational.com\/wp-content\/uploads\/2023\/07\/28_1981_armadio-pacific-di-michele-de-lucchi-1981-468x468.jpg 468w, https:\/\/cosyinternational.com\/wp-content\/uploads\/2023\/07\/28_1981_armadio-pacific-di-michele-de-lucchi-1981-1612x1612.jpg 1612w, https:\/\/cosyinternational.com\/wp-content\/uploads\/2023\/07\/28_1981_armadio-pacific-di-michele-de-lucchi-1981-1116x1116.jpg 1116w, https:\/\/cosyinternational.com\/wp-content\/uploads\/2023\/07\/28_1981_armadio-pacific-di-michele-de-lucchi-1981-806x806.jpg 806w, https:\/\/cosyinternational.com\/wp-content\/uploads\/2023\/07\/28_1981_armadio-pacific-di-michele-de-lucchi-1981-558x558.jpg 558w, https:\/\/cosyinternational.com\/wp-content\/uploads\/2023\/07\/28_1981_armadio-pacific-di-michele-de-lucchi-1981-655x655.jpg 655w\" sizes=\"(max-width: 800px) 100vw, 800px\" \/><figcaption id=\"caption-attachment-7810\" class=\"wp-caption-text\">Armadio Pacific di Michele De Lucchi per Memphis, 1981. Fonte: memphis-milano.com<\/figcaption><\/figure>\n<p>&nbsp;<\/p>\n<p>In seguito alla crisi energetica del 1979, il triangolo industriale Torino-Milano-Genova non fu pi\u00f9 il solo protagonista della scena italiana: a questo si unirono altre interessanti realt\u00e0 della Toscana, delle Marche e dell\u2019Italia nord-orientale, che seppero unire progetti moderni e tradizione artigianale. Al buon prodotto si aggiunse una <b>spettacolarizzazione dell\u2019immagine aziendale<\/b>, basti pensare al lavoro di Oliviero Toscani per Benetton.<\/p>\n<p>Nel frattempo le aziende italiane si aprirono alla collaborazione con <b>designer internazionali<\/b>, che vivacizzarono la scena con nuovi spunti ed influenze: un esempio \u00e8 il coinvolgimento del designer parigino Philippe Starck da parte di realt\u00e0 come Kartell, Flos e Driade.<\/p>\n<p>&nbsp;<\/p>\n<figure id=\"attachment_7812\" aria-describedby=\"caption-attachment-7812\" style=\"width: 800px\" class=\"wp-caption aligncenter\"><img loading=\"lazy\" decoding=\"async\" class=\"wp-image-7812\" src=\"https:\/\/cosyinternational.com\/wp-content\/uploads\/2023\/07\/29_theatre-du-monde-armadio-a-piramide-di-philippe-stark-1984.jpg\" alt=\"philippe starck\" width=\"800\" height=\"1236\" srcset=\"https:\/\/cosyinternational.com\/wp-content\/uploads\/2023\/07\/29_theatre-du-monde-armadio-a-piramide-di-philippe-stark-1984.jpg 699w, https:\/\/cosyinternational.com\/wp-content\/uploads\/2023\/07\/29_theatre-du-monde-armadio-a-piramide-di-philippe-stark-1984-194x300.jpg 194w, https:\/\/cosyinternational.com\/wp-content\/uploads\/2023\/07\/29_theatre-du-monde-armadio-a-piramide-di-philippe-stark-1984-663x1024.jpg 663w, https:\/\/cosyinternational.com\/wp-content\/uploads\/2023\/07\/29_theatre-du-monde-armadio-a-piramide-di-philippe-stark-1984-558x862.jpg 558w, https:\/\/cosyinternational.com\/wp-content\/uploads\/2023\/07\/29_theatre-du-monde-armadio-a-piramide-di-philippe-stark-1984-655x1012.jpg 655w\" sizes=\"(max-width: 800px) 100vw, 800px\" \/><figcaption id=\"caption-attachment-7812\" class=\"wp-caption-text\">Th\u00e9\u00e2tre du Monde di Philippe Starck, 1984. Fonte: drouot.com<\/figcaption><\/figure>\n<h2><\/h2>\n<h2>Il nuovo millennio del design italiano<\/h2>\n<p>Nel corso di questi ultimi decenni, la <b>crescita esponenziale del numero di designer<\/b>, docenti e studenti di design in Italia testimonia l&#8217;importanza sempre maggiore di questa disciplina nel panorama culturale e industriale. Il design non \u00e8 pi\u00f9 una professione di \u00e9lite, ma si \u00e8 diffusa ampiamente su tutto il territorio nazionale, promuovendo una variet\u00e0 di stili e approcci. Questa complessit\u00e0 crescente rende difficile identificare tendenze stilistiche dominanti.<\/p>\n<p>Oggi il design italiano si estende a ogni tipo di prodotto, dall&#8217;arredamento alle attrezzature di servizio per enti pubblici e privati, dalla progettazione di centri di vendita a quella di spazi virtuali.<\/p>\n<p>Una delle caratteristiche distintive del design italiano continua ad essere la <b>coesistenza di materiali diversi<\/b>, evidenziata soprattutto nel settore del mobile. Gli oggetti industriali progettati in Italia sfruttano una vasta gamma di materie prime, dando vita a creazioni polimateriche e innovative.<\/p>\n<p>&nbsp;<\/p>\n<figure id=\"attachment_7814\" aria-describedby=\"caption-attachment-7814\" style=\"width: 800px\" class=\"wp-caption aligncenter\"><img loading=\"lazy\" decoding=\"async\" class=\"wp-image-7814\" src=\"https:\/\/cosyinternational.com\/wp-content\/uploads\/2023\/07\/33_COSY-International-Metallica-collection-metal-frame-wardrobe-10.jpg\" alt=\"metal wardrobe\" width=\"800\" height=\"626\" srcset=\"https:\/\/cosyinternational.com\/wp-content\/uploads\/2023\/07\/33_COSY-International-Metallica-collection-metal-frame-wardrobe-10.jpg 1500w, https:\/\/cosyinternational.com\/wp-content\/uploads\/2023\/07\/33_COSY-International-Metallica-collection-metal-frame-wardrobe-10-300x235.jpg 300w, https:\/\/cosyinternational.com\/wp-content\/uploads\/2023\/07\/33_COSY-International-Metallica-collection-metal-frame-wardrobe-10-1024x801.jpg 1024w, https:\/\/cosyinternational.com\/wp-content\/uploads\/2023\/07\/33_COSY-International-Metallica-collection-metal-frame-wardrobe-10-768x601.jpg 768w, https:\/\/cosyinternational.com\/wp-content\/uploads\/2023\/07\/33_COSY-International-Metallica-collection-metal-frame-wardrobe-10-1116x873.jpg 1116w, https:\/\/cosyinternational.com\/wp-content\/uploads\/2023\/07\/33_COSY-International-Metallica-collection-metal-frame-wardrobe-10-806x631.jpg 806w, https:\/\/cosyinternational.com\/wp-content\/uploads\/2023\/07\/33_COSY-International-Metallica-collection-metal-frame-wardrobe-10-558x437.jpg 558w, https:\/\/cosyinternational.com\/wp-content\/uploads\/2023\/07\/33_COSY-International-Metallica-collection-metal-frame-wardrobe-10-655x513.jpg 655w\" sizes=\"(max-width: 800px) 100vw, 800px\" \/><figcaption id=\"caption-attachment-7814\" class=\"wp-caption-text\">Cosy International, <a href=\"https:\/\/cosyinternational.com\/it\/esclusivo-guardaroba-con-struttura-in-metallo-metallica\/\">collezione Metallica<\/a><\/figcaption><\/figure>\n<p>&nbsp;<\/p>\n<p>La pandemia di Covid-19 ha influenzato ulteriormente il design italiano, portando a un <b>aumento della richiesta di soluzioni su misura<\/b> e di spazi ben organizzati all&#8217;interno delle case. Le <b>cabine armadio su misura<\/b>, piccole o grandi, sono diventate una tendenza sempre pi\u00f9 evidente, rispondendo al bisogno di ottimizzare lo spazio e creare ambienti confortevoli ed esteticamente piacevoli.<\/p>\n<p>In conclusione, il design italiano del XXI secolo si distingue per la sua capacit\u00e0 di abbracciare molteplici settori e di adattarsi alle esigenze mutevoli della societ\u00e0 moderna. I designer italiani continuano a innovare, cercando di coniugare funzionalit\u00e0 ed estetica per creare prodotti e ambienti che riflettono l&#8217;identit\u00e0 e le aspirazioni delle persone.<\/p>\n<p>&nbsp;<\/p>\n<figure id=\"attachment_7816\" aria-describedby=\"caption-attachment-7816\" style=\"width: 800px\" class=\"wp-caption aligncenter\"><img loading=\"lazy\" decoding=\"async\" class=\"wp-image-7816\" src=\"https:\/\/cosyinternational.com\/wp-content\/uploads\/2023\/07\/32_Cosy-Butterfly-38.jpg\" alt=\"walk in closet\" width=\"800\" height=\"480\" srcset=\"https:\/\/cosyinternational.com\/wp-content\/uploads\/2023\/07\/32_Cosy-Butterfly-38.jpg 2000w, https:\/\/cosyinternational.com\/wp-content\/uploads\/2023\/07\/32_Cosy-Butterfly-38-300x180.jpg 300w, https:\/\/cosyinternational.com\/wp-content\/uploads\/2023\/07\/32_Cosy-Butterfly-38-1024x614.jpg 1024w, https:\/\/cosyinternational.com\/wp-content\/uploads\/2023\/07\/32_Cosy-Butterfly-38-768x461.jpg 768w, https:\/\/cosyinternational.com\/wp-content\/uploads\/2023\/07\/32_Cosy-Butterfly-38-1536x922.jpg 1536w, https:\/\/cosyinternational.com\/wp-content\/uploads\/2023\/07\/32_Cosy-Butterfly-38-1612x967.jpg 1612w, https:\/\/cosyinternational.com\/wp-content\/uploads\/2023\/07\/32_Cosy-Butterfly-38-1116x670.jpg 1116w, https:\/\/cosyinternational.com\/wp-content\/uploads\/2023\/07\/32_Cosy-Butterfly-38-806x484.jpg 806w, https:\/\/cosyinternational.com\/wp-content\/uploads\/2023\/07\/32_Cosy-Butterfly-38-558x335.jpg 558w, https:\/\/cosyinternational.com\/wp-content\/uploads\/2023\/07\/32_Cosy-Butterfly-38-655x393.jpg 655w\" sizes=\"(max-width: 800px) 100vw, 800px\" \/><figcaption id=\"caption-attachment-7816\" class=\"wp-caption-text\">Cosy International, <a href=\"https:\/\/cosyinternational.com\/it\/sistema-armadio-su-misura-butterfly\/\">collezione Butterfly<\/a><\/figcaption><\/figure>\n<h2>La storia del design italiano continua\u2026<\/h2>\n<p>Vuoi proseguire insieme a noi la storia del design italiano, con un progetto innovativo e fatto su misura per te? Scrivici per un primo preventivo.<\/p>\n<p>&nbsp;<\/p>\n<p><a href=\"https:\/\/cosyinternational.com\/it\/contatti\/\">CONTATTACI<\/a><\/p>\n","protected":false},"excerpt":{"rendered":"<p>Nello scorso articolo sulla storia dell\u2019arredamento abbiamo visto l\u2019evoluzione del mobile dall\u2019epoca degli Antichi Greci fino alla Belle \u00c9poque, un periodo florido per lo sviluppo delle arti applicate e per quello che si potrebbe chiamare \u201cproto-design\u201d. In particolare l\u2019armadio, l\u2019oggetto di design che ci interessa di pi\u00f9, acquist\u00f2 durante gli anni Settanta dell\u2019Ottocento un\u2019importante novit\u00e0:&hellip;<\/p>\n","protected":false},"author":3,"featured_media":7774,"comment_status":"closed","ping_status":"closed","sticky":false,"template":"","format":"standard","meta":{"_acf_changed":false,"footnotes":""},"categories":[105],"tags":[80,83,45,76],"acf":[],"yoast_head":"<!-- This site is optimized with the Yoast SEO plugin v22.2 - https:\/\/yoast.com\/wordpress\/plugins\/seo\/ -->\n<title>Nascita ed evoluzione del design italiano - Cosy International<\/title>\n<meta name=\"description\" content=\"Quando cominci\u00f2 a svilupparsi il design italiano? Leggi ora per avere una panoramica dell&#039;evoluzione del Made in Italy.\" \/>\n<meta name=\"robots\" content=\"index, follow, max-snippet:-1, max-image-preview:large, max-video-preview:-1\" \/>\n<link rel=\"canonical\" href=\"https:\/\/cosyinternational.com\/it\/breve-storia-design-italiano\/\" \/>\n<meta property=\"og:locale\" content=\"it_IT\" \/>\n<meta property=\"og:type\" content=\"article\" \/>\n<meta property=\"og:title\" content=\"Nascita ed evoluzione del design italiano - Cosy International\" \/>\n<meta property=\"og:description\" content=\"Quando cominci\u00f2 a svilupparsi il design italiano? Leggi ora per avere una panoramica dell&#039;evoluzione del Made in Italy.\" \/>\n<meta property=\"og:url\" content=\"https:\/\/cosyinternational.com\/it\/breve-storia-design-italiano\/\" \/>\n<meta property=\"og:site_name\" content=\"Cosy International\" \/>\n<meta property=\"article:publisher\" content=\"https:\/\/www.facebook.com\/cosyinternational\" \/>\n<meta property=\"article:published_time\" content=\"2023-07-27T12:45:13+00:00\" \/>\n<meta property=\"og:image\" content=\"https:\/\/cosyinternational.com\/wp-content\/uploads\/2023\/07\/italian-interior-design-italiano-1024x576.png\" \/>\n\t<meta property=\"og:image:width\" content=\"1024\" \/>\n\t<meta property=\"og:image:height\" content=\"576\" \/>\n\t<meta property=\"og:image:type\" content=\"image\/png\" \/>\n<meta name=\"author\" content=\"Staff Cosy International\" \/>\n<meta name=\"twitter:card\" content=\"summary_large_image\" \/>\n<meta name=\"twitter:label1\" content=\"Scritto da\" \/>\n\t<meta name=\"twitter:data1\" content=\"Staff Cosy International\" \/>\n\t<meta name=\"twitter:label2\" content=\"Tempo di lettura stimato\" \/>\n\t<meta name=\"twitter:data2\" content=\"21 minuti\" \/>\n<script type=\"application\/ld+json\" class=\"yoast-schema-graph\">{\"@context\":\"https:\/\/schema.org\",\"@graph\":[{\"@type\":\"Article\",\"@id\":\"https:\/\/cosyinternational.com\/it\/breve-storia-design-italiano\/#article\",\"isPartOf\":{\"@id\":\"https:\/\/cosyinternational.com\/it\/breve-storia-design-italiano\/\"},\"author\":{\"name\":\"Staff Cosy International\",\"@id\":\"https:\/\/cosyinternational.com\/it\/#\/schema\/person\/bbaac503f58012a706dbfaedfbc1e3d0\"},\"headline\":\"Breve storia del design italiano\",\"datePublished\":\"2023-07-27T12:45:13+00:00\",\"dateModified\":\"2023-07-27T12:45:13+00:00\",\"mainEntityOfPage\":{\"@id\":\"https:\/\/cosyinternational.com\/it\/breve-storia-design-italiano\/\"},\"wordCount\":3190,\"publisher\":{\"@id\":\"https:\/\/cosyinternational.com\/it\/#organization\"},\"image\":{\"@id\":\"https:\/\/cosyinternational.com\/it\/breve-storia-design-italiano\/#primaryimage\"},\"thumbnailUrl\":\"https:\/\/cosyinternational.com\/wp-content\/uploads\/2023\/07\/italian-interior-design-italiano.png\",\"keywords\":[\"design d'interni\",\"design italiano\",\"eleganza\",\"stili di arredamento\"],\"articleSection\":[\"Stili e Tendenze di Interior Design\"],\"inLanguage\":\"it-IT\"},{\"@type\":\"WebPage\",\"@id\":\"https:\/\/cosyinternational.com\/it\/breve-storia-design-italiano\/\",\"url\":\"https:\/\/cosyinternational.com\/it\/breve-storia-design-italiano\/\",\"name\":\"Nascita ed evoluzione del design italiano - Cosy International\",\"isPartOf\":{\"@id\":\"https:\/\/cosyinternational.com\/it\/#website\"},\"primaryImageOfPage\":{\"@id\":\"https:\/\/cosyinternational.com\/it\/breve-storia-design-italiano\/#primaryimage\"},\"image\":{\"@id\":\"https:\/\/cosyinternational.com\/it\/breve-storia-design-italiano\/#primaryimage\"},\"thumbnailUrl\":\"https:\/\/cosyinternational.com\/wp-content\/uploads\/2023\/07\/italian-interior-design-italiano.png\",\"datePublished\":\"2023-07-27T12:45:13+00:00\",\"dateModified\":\"2023-07-27T12:45:13+00:00\",\"description\":\"Quando cominci\u00f2 a svilupparsi il design italiano? Leggi ora per avere una panoramica dell'evoluzione del Made in Italy.\",\"breadcrumb\":{\"@id\":\"https:\/\/cosyinternational.com\/it\/breve-storia-design-italiano\/#breadcrumb\"},\"inLanguage\":\"it-IT\",\"potentialAction\":[{\"@type\":\"ReadAction\",\"target\":[\"https:\/\/cosyinternational.com\/it\/breve-storia-design-italiano\/\"]}]},{\"@type\":\"ImageObject\",\"inLanguage\":\"it-IT\",\"@id\":\"https:\/\/cosyinternational.com\/it\/breve-storia-design-italiano\/#primaryimage\",\"url\":\"https:\/\/cosyinternational.com\/wp-content\/uploads\/2023\/07\/italian-interior-design-italiano.png\",\"contentUrl\":\"https:\/\/cosyinternational.com\/wp-content\/uploads\/2023\/07\/italian-interior-design-italiano.png\",\"width\":1920,\"height\":1080,\"caption\":\"italian interior design italiano\"},{\"@type\":\"BreadcrumbList\",\"@id\":\"https:\/\/cosyinternational.com\/it\/breve-storia-design-italiano\/#breadcrumb\",\"itemListElement\":[{\"@type\":\"ListItem\",\"position\":1,\"name\":\"Home\",\"item\":\"https:\/\/cosyinternational.com\/it\/\"},{\"@type\":\"ListItem\",\"position\":2,\"name\":\"Breve storia del design italiano\"}]},{\"@type\":\"WebSite\",\"@id\":\"https:\/\/cosyinternational.com\/it\/#website\",\"url\":\"https:\/\/cosyinternational.com\/it\/\",\"name\":\"COSY International\",\"description\":\"Luxury Bespoke Wardrobes\",\"publisher\":{\"@id\":\"https:\/\/cosyinternational.com\/it\/#organization\"},\"potentialAction\":[{\"@type\":\"SearchAction\",\"target\":{\"@type\":\"EntryPoint\",\"urlTemplate\":\"https:\/\/cosyinternational.com\/it\/?s={search_term_string}\"},\"query-input\":\"required name=search_term_string\"}],\"inLanguage\":\"it-IT\"},{\"@type\":\"Organization\",\"@id\":\"https:\/\/cosyinternational.com\/it\/#organization\",\"name\":\"COSY Srl\",\"url\":\"https:\/\/cosyinternational.com\/it\/\",\"logo\":{\"@type\":\"ImageObject\",\"inLanguage\":\"it-IT\",\"@id\":\"https:\/\/cosyinternational.com\/it\/#\/schema\/logo\/image\/\",\"url\":\"https:\/\/cosyinternational.com\/wp-content\/uploads\/2023\/03\/Logo_Nero_V2_margine.png\",\"contentUrl\":\"https:\/\/cosyinternational.com\/wp-content\/uploads\/2023\/03\/Logo_Nero_V2_margine.png\",\"width\":2392,\"height\":1155,\"caption\":\"COSY Srl\"},\"image\":{\"@id\":\"https:\/\/cosyinternational.com\/it\/#\/schema\/logo\/image\/\"},\"sameAs\":[\"https:\/\/www.facebook.com\/cosyinternational\",\"https:\/\/www.instagram.com\/cosyinternational\",\"https:\/\/it.linkedin.com\/company\/cosy-srl\",\"https:\/\/www.youtube.com\/channel\/UC1FFm4YbQ-ViqzjCAQJ0uFQ\/videos\",\"https:\/\/www.pinterest.it\/cosyinternational\/\"]},{\"@type\":\"Person\",\"@id\":\"https:\/\/cosyinternational.com\/it\/#\/schema\/person\/bbaac503f58012a706dbfaedfbc1e3d0\",\"name\":\"Staff Cosy International\",\"image\":{\"@type\":\"ImageObject\",\"inLanguage\":\"it-IT\",\"@id\":\"https:\/\/cosyinternational.com\/it\/#\/schema\/person\/image\/\",\"url\":\"https:\/\/secure.gravatar.com\/avatar\/39845de258004c0e92253ece7faf073b?s=96&d=mm&r=g\",\"contentUrl\":\"https:\/\/secure.gravatar.com\/avatar\/39845de258004c0e92253ece7faf073b?s=96&d=mm&r=g\",\"caption\":\"Staff Cosy International\"},\"url\":\"https:\/\/cosyinternational.com\/it\/author\/staff-cosy-international\/\"}]}<\/script>\n<!-- \/ Yoast SEO plugin. -->","yoast_head_json":{"title":"Nascita ed evoluzione del design italiano - Cosy International","description":"Quando cominci\u00f2 a svilupparsi il design italiano? Leggi ora per avere una panoramica dell'evoluzione del Made in Italy.","robots":{"index":"index","follow":"follow","max-snippet":"max-snippet:-1","max-image-preview":"max-image-preview:large","max-video-preview":"max-video-preview:-1"},"canonical":"https:\/\/cosyinternational.com\/it\/breve-storia-design-italiano\/","og_locale":"it_IT","og_type":"article","og_title":"Nascita ed evoluzione del design italiano - Cosy International","og_description":"Quando cominci\u00f2 a svilupparsi il design italiano? Leggi ora per avere una panoramica dell'evoluzione del Made in Italy.","og_url":"https:\/\/cosyinternational.com\/it\/breve-storia-design-italiano\/","og_site_name":"Cosy International","article_publisher":"https:\/\/www.facebook.com\/cosyinternational","article_published_time":"2023-07-27T12:45:13+00:00","og_image":[{"width":1024,"height":576,"url":"https:\/\/cosyinternational.com\/wp-content\/uploads\/2023\/07\/italian-interior-design-italiano-1024x576.png","type":"image\/png"}],"author":"Staff Cosy International","twitter_card":"summary_large_image","twitter_misc":{"Scritto da":"Staff Cosy International","Tempo di lettura stimato":"21 minuti"},"schema":{"@context":"https:\/\/schema.org","@graph":[{"@type":"Article","@id":"https:\/\/cosyinternational.com\/it\/breve-storia-design-italiano\/#article","isPartOf":{"@id":"https:\/\/cosyinternational.com\/it\/breve-storia-design-italiano\/"},"author":{"name":"Staff Cosy International","@id":"https:\/\/cosyinternational.com\/it\/#\/schema\/person\/bbaac503f58012a706dbfaedfbc1e3d0"},"headline":"Breve storia del design italiano","datePublished":"2023-07-27T12:45:13+00:00","dateModified":"2023-07-27T12:45:13+00:00","mainEntityOfPage":{"@id":"https:\/\/cosyinternational.com\/it\/breve-storia-design-italiano\/"},"wordCount":3190,"publisher":{"@id":"https:\/\/cosyinternational.com\/it\/#organization"},"image":{"@id":"https:\/\/cosyinternational.com\/it\/breve-storia-design-italiano\/#primaryimage"},"thumbnailUrl":"https:\/\/cosyinternational.com\/wp-content\/uploads\/2023\/07\/italian-interior-design-italiano.png","keywords":["design d'interni","design italiano","eleganza","stili di arredamento"],"articleSection":["Stili e Tendenze di Interior Design"],"inLanguage":"it-IT"},{"@type":"WebPage","@id":"https:\/\/cosyinternational.com\/it\/breve-storia-design-italiano\/","url":"https:\/\/cosyinternational.com\/it\/breve-storia-design-italiano\/","name":"Nascita ed evoluzione del design italiano - Cosy International","isPartOf":{"@id":"https:\/\/cosyinternational.com\/it\/#website"},"primaryImageOfPage":{"@id":"https:\/\/cosyinternational.com\/it\/breve-storia-design-italiano\/#primaryimage"},"image":{"@id":"https:\/\/cosyinternational.com\/it\/breve-storia-design-italiano\/#primaryimage"},"thumbnailUrl":"https:\/\/cosyinternational.com\/wp-content\/uploads\/2023\/07\/italian-interior-design-italiano.png","datePublished":"2023-07-27T12:45:13+00:00","dateModified":"2023-07-27T12:45:13+00:00","description":"Quando cominci\u00f2 a svilupparsi il design italiano? Leggi ora per avere una panoramica dell'evoluzione del Made in Italy.","breadcrumb":{"@id":"https:\/\/cosyinternational.com\/it\/breve-storia-design-italiano\/#breadcrumb"},"inLanguage":"it-IT","potentialAction":[{"@type":"ReadAction","target":["https:\/\/cosyinternational.com\/it\/breve-storia-design-italiano\/"]}]},{"@type":"ImageObject","inLanguage":"it-IT","@id":"https:\/\/cosyinternational.com\/it\/breve-storia-design-italiano\/#primaryimage","url":"https:\/\/cosyinternational.com\/wp-content\/uploads\/2023\/07\/italian-interior-design-italiano.png","contentUrl":"https:\/\/cosyinternational.com\/wp-content\/uploads\/2023\/07\/italian-interior-design-italiano.png","width":1920,"height":1080,"caption":"italian interior design italiano"},{"@type":"BreadcrumbList","@id":"https:\/\/cosyinternational.com\/it\/breve-storia-design-italiano\/#breadcrumb","itemListElement":[{"@type":"ListItem","position":1,"name":"Home","item":"https:\/\/cosyinternational.com\/it\/"},{"@type":"ListItem","position":2,"name":"Breve storia del design italiano"}]},{"@type":"WebSite","@id":"https:\/\/cosyinternational.com\/it\/#website","url":"https:\/\/cosyinternational.com\/it\/","name":"COSY International","description":"Luxury Bespoke Wardrobes","publisher":{"@id":"https:\/\/cosyinternational.com\/it\/#organization"},"potentialAction":[{"@type":"SearchAction","target":{"@type":"EntryPoint","urlTemplate":"https:\/\/cosyinternational.com\/it\/?s={search_term_string}"},"query-input":"required name=search_term_string"}],"inLanguage":"it-IT"},{"@type":"Organization","@id":"https:\/\/cosyinternational.com\/it\/#organization","name":"COSY Srl","url":"https:\/\/cosyinternational.com\/it\/","logo":{"@type":"ImageObject","inLanguage":"it-IT","@id":"https:\/\/cosyinternational.com\/it\/#\/schema\/logo\/image\/","url":"https:\/\/cosyinternational.com\/wp-content\/uploads\/2023\/03\/Logo_Nero_V2_margine.png","contentUrl":"https:\/\/cosyinternational.com\/wp-content\/uploads\/2023\/03\/Logo_Nero_V2_margine.png","width":2392,"height":1155,"caption":"COSY Srl"},"image":{"@id":"https:\/\/cosyinternational.com\/it\/#\/schema\/logo\/image\/"},"sameAs":["https:\/\/www.facebook.com\/cosyinternational","https:\/\/www.instagram.com\/cosyinternational","https:\/\/it.linkedin.com\/company\/cosy-srl","https:\/\/www.youtube.com\/channel\/UC1FFm4YbQ-ViqzjCAQJ0uFQ\/videos","https:\/\/www.pinterest.it\/cosyinternational\/"]},{"@type":"Person","@id":"https:\/\/cosyinternational.com\/it\/#\/schema\/person\/bbaac503f58012a706dbfaedfbc1e3d0","name":"Staff Cosy International","image":{"@type":"ImageObject","inLanguage":"it-IT","@id":"https:\/\/cosyinternational.com\/it\/#\/schema\/person\/image\/","url":"https:\/\/secure.gravatar.com\/avatar\/39845de258004c0e92253ece7faf073b?s=96&d=mm&r=g","contentUrl":"https:\/\/secure.gravatar.com\/avatar\/39845de258004c0e92253ece7faf073b?s=96&d=mm&r=g","caption":"Staff Cosy International"},"url":"https:\/\/cosyinternational.com\/it\/author\/staff-cosy-international\/"}]}},"_links":{"self":[{"href":"https:\/\/cosyinternational.com\/it\/wp-json\/wp\/v2\/posts\/7771"}],"collection":[{"href":"https:\/\/cosyinternational.com\/it\/wp-json\/wp\/v2\/posts"}],"about":[{"href":"https:\/\/cosyinternational.com\/it\/wp-json\/wp\/v2\/types\/post"}],"author":[{"embeddable":true,"href":"https:\/\/cosyinternational.com\/it\/wp-json\/wp\/v2\/users\/3"}],"replies":[{"embeddable":true,"href":"https:\/\/cosyinternational.com\/it\/wp-json\/wp\/v2\/comments?post=7771"}],"version-history":[{"count":10,"href":"https:\/\/cosyinternational.com\/it\/wp-json\/wp\/v2\/posts\/7771\/revisions"}],"predecessor-version":[{"id":7821,"href":"https:\/\/cosyinternational.com\/it\/wp-json\/wp\/v2\/posts\/7771\/revisions\/7821"}],"wp:featuredmedia":[{"embeddable":true,"href":"https:\/\/cosyinternational.com\/it\/wp-json\/wp\/v2\/media\/7774"}],"wp:attachment":[{"href":"https:\/\/cosyinternational.com\/it\/wp-json\/wp\/v2\/media?parent=7771"}],"wp:term":[{"taxonomy":"category","embeddable":true,"href":"https:\/\/cosyinternational.com\/it\/wp-json\/wp\/v2\/categories?post=7771"},{"taxonomy":"post_tag","embeddable":true,"href":"https:\/\/cosyinternational.com\/it\/wp-json\/wp\/v2\/tags?post=7771"}],"curies":[{"name":"wp","href":"https:\/\/api.w.org\/{rel}","templated":true}]}}